{"id":15039,"date":"2026-04-22T17:28:05","date_gmt":"2026-04-22T15:28:05","guid":{"rendered":"https:\/\/cappellamediterranea.com\/tour-of-the-grand-palais-construction-site-with-the-circle-of-entrepreneurs-and-friends\/"},"modified":"2026-04-28T11:35:51","modified_gmt":"2026-04-28T09:35:51","slug":"tour-of-the-grand-palais-construction-site-with-the-circle-of-entrepreneurs-and-friends","status":"publish","type":"post","link":"https:\/\/cappellamediterranea.com\/en\/tour-of-the-grand-palais-construction-site-with-the-circle-of-entrepreneurs-and-friends\/","title":{"rendered":"Tour of the Grand Palais construction site with the Circle of Entrepreneurs and Friends"},"content":{"rendered":"\n<div class=\"wp-block-columns is-layout-flex wp-container-core-columns-is-layout-28f84493 wp-block-columns-is-layout-flex\">\n<div class=\"wp-block-column is-layout-flow wp-block-column-is-layout-flow\">\n<figure class=\"wp-block-image size-large\"><img loading=\"lazy\" decoding=\"async\" width=\"1024\" height=\"554\" src=\"https:\/\/cappellamediterranea.com\/wp-content\/uploads\/\/04112024_Visite-Grand-Palais-Chatillon-c-Francois-de-Maleissye-Cappella-Mediterranea_DSC00453-1024x554.jpg\" alt=\"\" class=\"wp-image-14934\" srcset=\"https:\/\/cappellamediterranea.com\/wp-content\/uploads\/04112024_Visite-Grand-Palais-Chatillon-c-Francois-de-Maleissye-Cappella-Mediterranea_DSC00453-1024x554.jpg 1024w, https:\/\/cappellamediterranea.com\/wp-content\/uploads\/04112024_Visite-Grand-Palais-Chatillon-c-Francois-de-Maleissye-Cappella-Mediterranea_DSC00453-300x162.jpg 300w, https:\/\/cappellamediterranea.com\/wp-content\/uploads\/04112024_Visite-Grand-Palais-Chatillon-c-Francois-de-Maleissye-Cappella-Mediterranea_DSC00453-768x416.jpg 768w, https:\/\/cappellamediterranea.com\/wp-content\/uploads\/04112024_Visite-Grand-Palais-Chatillon-c-Francois-de-Maleissye-Cappella-Mediterranea_DSC00453-1536x832.jpg 1536w, https:\/\/cappellamediterranea.com\/wp-content\/uploads\/04112024_Visite-Grand-Palais-Chatillon-c-Francois-de-Maleissye-Cappella-Mediterranea_DSC00453.jpg 2000w\" sizes=\"auto, (max-width: 1024px) 100vw, 1024px\" \/><\/figure>\n<\/div>\n\n\n\n<div class=\"wp-block-column is-layout-flow wp-block-column-is-layout-flow\">\n<p>To mark the two performances of Bach\u2019s St. John Passion at the Th\u00e9\u00e2tre des Champs-\u00c9lys\u00e9es on November 4 and 5, 2024, a special outing was organized for the Entrepreneurs\u2019 Circle and the Friends of Cappella Mediterranea.<\/p>\n\n\n\n<p>Fran\u00e7ois Chatillon, architecte en chef des monuments historiques et fondateur de l\u2019agence, m\u00e9c\u00e8ne de l\u2019ensemble, Chatillon Architectes, a ainsi propos\u00e9 une visite du chantier du Grand Palais. Ce fut une belle occasion de d\u00e9couvrir de l\u2019int\u00e9rieur ce monument historique embl\u00e9matique et de conna\u00eetre les coulisses et les enjeux de ce projet de restauration pharaonique quelques mois avant son ouvertures pour les JO 2025 de Paris. <\/p>\n<\/div>\n<\/div>\n\n<div class=\"wp-block-columns is-layout-flex wp-container-core-columns-is-layout-28f84493 wp-block-columns-is-layout-flex\">\n<div class=\"wp-block-column is-layout-flow wp-block-column-is-layout-flow\">\n<figure class=\"wp-block-image size-large\"><img loading=\"lazy\" decoding=\"async\" width=\"794\" height=\"1024\" src=\"https:\/\/cappellamediterranea.com\/wp-content\/uploads\/\/04112024_Visite-Grand-Palais-Chatillon-c-Francois-de-Maleissye-Cappella-Mediterranea_DSC00615-794x1024.jpg\" alt=\"\" class=\"wp-image-14940\" srcset=\"https:\/\/cappellamediterranea.com\/wp-content\/uploads\/04112024_Visite-Grand-Palais-Chatillon-c-Francois-de-Maleissye-Cappella-Mediterranea_DSC00615-794x1024.jpg 794w, https:\/\/cappellamediterranea.com\/wp-content\/uploads\/04112024_Visite-Grand-Palais-Chatillon-c-Francois-de-Maleissye-Cappella-Mediterranea_DSC00615-233x300.jpg 233w, https:\/\/cappellamediterranea.com\/wp-content\/uploads\/04112024_Visite-Grand-Palais-Chatillon-c-Francois-de-Maleissye-Cappella-Mediterranea_DSC00615-768x991.jpg 768w, https:\/\/cappellamediterranea.com\/wp-content\/uploads\/04112024_Visite-Grand-Palais-Chatillon-c-Francois-de-Maleissye-Cappella-Mediterranea_DSC00615.jpg 930w\" sizes=\"auto, (max-width: 794px) 100vw, 794px\" \/><\/figure>\n<\/div>\n\n\n\n<div class=\"wp-block-column is-layout-flow wp-block-column-is-layout-flow\">\n<figure class=\"wp-block-image size-large\"><img loading=\"lazy\" decoding=\"async\" width=\"1024\" height=\"682\" src=\"https:\/\/cappellamediterranea.com\/wp-content\/uploads\/\/04112024_Visite-Grand-Palais-Chatillon-c-Francois-de-Maleissye-Cappella-Mediterranea_DSC00527-1024x682.jpg\" alt=\"\" class=\"wp-image-14938\" srcset=\"https:\/\/cappellamediterranea.com\/wp-content\/uploads\/04112024_Visite-Grand-Palais-Chatillon-c-Francois-de-Maleissye-Cappella-Mediterranea_DSC00527-1024x682.jpg 1024w, https:\/\/cappellamediterranea.com\/wp-content\/uploads\/04112024_Visite-Grand-Palais-Chatillon-c-Francois-de-Maleissye-Cappella-Mediterranea_DSC00527-300x200.jpg 300w, https:\/\/cappellamediterranea.com\/wp-content\/uploads\/04112024_Visite-Grand-Palais-Chatillon-c-Francois-de-Maleissye-Cappella-Mediterranea_DSC00527-768x512.jpg 768w, https:\/\/cappellamediterranea.com\/wp-content\/uploads\/04112024_Visite-Grand-Palais-Chatillon-c-Francois-de-Maleissye-Cappella-Mediterranea_DSC00527-1536x1024.jpg 1536w, https:\/\/cappellamediterranea.com\/wp-content\/uploads\/04112024_Visite-Grand-Palais-Chatillon-c-Francois-de-Maleissye-Cappella-Mediterranea_DSC00527.jpg 2000w\" sizes=\"auto, (max-width: 1024px) 100vw, 1024px\" \/><\/figure>\n\n\n\n<figure class=\"wp-block-image size-large\"><img loading=\"lazy\" decoding=\"async\" width=\"1024\" height=\"614\" src=\"https:\/\/cappellamediterranea.com\/wp-content\/uploads\/\/04112024_Visite-Grand-Palais-Chatillon-c-Francois-de-Maleissye-Cappella-Mediterranea_DSC00472-1024x614.jpg\" alt=\"\" class=\"wp-image-14936\" srcset=\"https:\/\/cappellamediterranea.com\/wp-content\/uploads\/04112024_Visite-Grand-Palais-Chatillon-c-Francois-de-Maleissye-Cappella-Mediterranea_DSC00472-1024x614.jpg 1024w, https:\/\/cappellamediterranea.com\/wp-content\/uploads\/04112024_Visite-Grand-Palais-Chatillon-c-Francois-de-Maleissye-Cappella-Mediterranea_DSC00472-300x180.jpg 300w, https:\/\/cappellamediterranea.com\/wp-content\/uploads\/04112024_Visite-Grand-Palais-Chatillon-c-Francois-de-Maleissye-Cappella-Mediterranea_DSC00472-768x461.jpg 768w, https:\/\/cappellamediterranea.com\/wp-content\/uploads\/04112024_Visite-Grand-Palais-Chatillon-c-Francois-de-Maleissye-Cappella-Mediterranea_DSC00472-1536x922.jpg 1536w, https:\/\/cappellamediterranea.com\/wp-content\/uploads\/04112024_Visite-Grand-Palais-Chatillon-c-Francois-de-Maleissye-Cappella-Mediterranea_DSC00472.jpg 2000w\" sizes=\"auto, (max-width: 1024px) 100vw, 1024px\" \/><\/figure>\n<\/div>\n<\/div>\n\n<p><\/p>\n","protected":false},"excerpt":{"rendered":"11-24: Tour with the Friends of the Grand Palais Construction Site.","protected":false},"author":9,"featured_media":14943,"comment_status":"closed","ping_status":"open","sticky":false,"template":"","format":"standard","meta":{"_acf_changed":false,"footnotes":""},"categories":[1],"tags":[],"class_list":["post-15039","post","type-post","status-publish","format-standard","has-post-thumbnail","hentry","category-non-classifiee"],"acf":[],"fimg_url":"https:\/\/cappellamediterranea.com\/wp-content\/uploads\/04112024_Visite-Grand-Palais-Chatillon-c-Francois-de-Maleissye-Cappella-Mediterranea_DSC00615-copie.jpg","_links":{"self":[{"href":"https:\/\/cappellamediterranea.com\/en\/wp-json\/wp\/v2\/posts\/15039","targetHints":{"allow":["GET"]}}],"collection":[{"href":"https:\/\/cappellamediterranea.com\/en\/wp-json\/wp\/v2\/posts"}],"about":[{"href":"https:\/\/cappellamediterranea.com\/en\/wp-json\/wp\/v2\/types\/post"}],"author":[{"embeddable":true,"href":"https:\/\/cappellamediterranea.com\/en\/wp-json\/wp\/v2\/users\/9"}],"replies":[{"embeddable":true,"href":"https:\/\/cappellamediterranea.com\/en\/wp-json\/wp\/v2\/comments?post=15039"}],"version-history":[{"count":1,"href":"https:\/\/cappellamediterranea.com\/en\/wp-json\/wp\/v2\/posts\/15039\/revisions"}],"predecessor-version":[{"id":15040,"href":"https:\/\/cappellamediterranea.com\/en\/wp-json\/wp\/v2\/posts\/15039\/revisions\/15040"}],"wp:featuredmedia":[{"embeddable":true,"href":"https:\/\/cappellamediterranea.com\/en\/wp-json\/wp\/v2\/media\/14943"}],"wp:attachment":[{"href":"https:\/\/cappellamediterranea.com\/en\/wp-json\/wp\/v2\/media?parent=15039"}],"wp:term":[{"taxonomy":"category","embeddable":true,"href":"https:\/\/cappellamediterranea.com\/en\/wp-json\/wp\/v2\/categories?post=15039"},{"taxonomy":"post_tag","embeddable":true,"href":"https:\/\/cappellamediterranea.com\/en\/wp-json\/wp\/v2\/tags?post=15039"}],"curies":[{"name":"wp","href":"https:\/\/api.w.org\/{rel}","templated":true}]}}