{"id":15037,"date":"2026-04-22T13:25:19","date_gmt":"2026-04-22T11:25:19","guid":{"rendered":"https:\/\/cappellamediterranea.com\/icma\/"},"modified":"2026-04-28T11:34:55","modified_gmt":"2026-04-28T09:34:55","slug":"icma","status":"publish","type":"post","link":"https:\/\/cappellamediterranea.com\/en\/icma\/","title":{"rendered":"ICMA"},"content":{"rendered":"\n<div class=\"wp-block-columns is-layout-flex wp-container-core-columns-is-layout-28f84493 wp-block-columns-is-layout-flex\">\n<div class=\"wp-block-column is-layout-flow wp-block-column-is-layout-flow\">\n<figure class=\"wp-block-image size-large\"><img loading=\"lazy\" decoding=\"async\" width=\"1024\" height=\"624\" src=\"https:\/\/cappellamediterranea.com\/wp-content\/uploads\/\/19032025_ICMA2025-Francois-de-MaleissyeDSC06151-1024x624.jpg\" alt=\"\" class=\"wp-image-14841\" srcset=\"https:\/\/cappellamediterranea.com\/wp-content\/uploads\/19032025_ICMA2025-Francois-de-MaleissyeDSC06151-1024x624.jpg 1024w, https:\/\/cappellamediterranea.com\/wp-content\/uploads\/19032025_ICMA2025-Francois-de-MaleissyeDSC06151-300x183.jpg 300w, https:\/\/cappellamediterranea.com\/wp-content\/uploads\/19032025_ICMA2025-Francois-de-MaleissyeDSC06151-768x468.jpg 768w, https:\/\/cappellamediterranea.com\/wp-content\/uploads\/19032025_ICMA2025-Francois-de-MaleissyeDSC06151-1536x935.jpg 1536w, https:\/\/cappellamediterranea.com\/wp-content\/uploads\/19032025_ICMA2025-Francois-de-MaleissyeDSC06151.jpg 2000w\" sizes=\"auto, (max-width: 1024px) 100vw, 1024px\" \/><\/figure>\n<\/div>\n\n\n\n<div class=\"wp-block-column is-layout-flow wp-block-column-is-layout-flow\">\n<p>Leonardo Garc\u00eda-Alarc\u00f3n received the <strong>2025 ICMA<\/strong> \u201c<em>Artist of the Year<\/em>\u201d Award.<\/p>\n\n\n\n<p class=\"has-text-align-right has-regular-font-size\">&#8221; <em>Leonardo Garc\u00eda-Alarc\u00f3n, although born near the R\u00edo de la Plata in Buenos Aires, has demonstrated throughout his artistic career a particular affinity for music composed in southern Europe from the late Renaissance to the dawn of Classicism, so much so that he named his ensemble Cappella Mediterranea. With this ensemble, he has demonstrated over the past decade a versatility and fertile imagination that, program after program, never ceases to surprise and captivate his audience. <\/em> \u201c \u2014 R\u00e9my Franck, president of the awards ceremony<\/p>\n\n\n\n<p>Diot-Siaci, a long-time patron of the ensemble, attended the award ceremony honoring all of Cappella Mediterranea\u2019s patrons and partners, who are essential to the realization of its artistic projects.<a href=\"https:\/\/www.linkedin.com\/company\/diot-siaci\/posts\"><\/a><\/p>\n\n\n\n<blockquote class=\"wp-block-quote is-layout-flow wp-block-quote-is-layout-flow\">\n<p><\/p>\n<\/blockquote>\n<\/div>\n<\/div>\n\n<div class=\"wp-block-columns is-layout-flex wp-container-core-columns-is-layout-28f84493 wp-block-columns-is-layout-flex\">\n<div class=\"wp-block-column is-layout-flow wp-block-column-is-layout-flow\">\n<h2 class=\"wp-block-heading\">Fireworks!<\/h2>\n\n\n\n<p style=\"line-height:1.6\">At the awards ceremony on March 19, 2025, Leonardo Garc\u00eda-Alarc\u00f3n conducted the D\u00fcsseldorfer Symphoniker in the magnificent Tonhalle D\u00fcsseldorf in a performance of the overture to Handel\u2019s <em>Music for the Royal Fireworks<\/em>.<\/p>\n<\/div>\n\n\n\n<div class=\"wp-block-column is-layout-flow wp-block-column-is-layout-flow\">\n<figure class=\"wp-block-embed is-type-video is-provider-youtube wp-block-embed-youtube wp-embed-aspect-16-9 wp-has-aspect-ratio\"><div class=\"wp-block-embed__wrapper\">\n<iframe loading=\"lazy\" title=\"Handel: Music for the Royal Fireworks, Overture | Leonardo Garc\u00eda-Alarc\u00f3n &amp; D\u00fcsseldorfer Symphoniker\" width=\"500\" height=\"281\" src=\"https:\/\/www.youtube.com\/embed\/jjfbhVBwJqo?feature=oembed\" frameborder=\"0\" allow=\"accelerometer; autoplay; clipboard-write; encrypted-media; gyroscope; picture-in-picture; web-share\" referrerpolicy=\"strict-origin-when-cross-origin\" allowfullscreen><\/iframe>\n<\/div><\/figure>\n<\/div>\n<\/div>\n\n<section class=\"container prix\">\n    <div class=\"prix_content swiper-prix\">\n        <div class=\"swiper-wrapper\">\n\n                            <div class=\"swiper-slide\">\n                    <img decoding=\"async\" loading=\"lazy\" width=\"1500\" height=\"625\" src=\"https:\/\/cappellamediterranea.com\/wp-content\/uploads\/Logo-Icma-e1737109633887.png\" alt=\"\">\n                    <p>2025 \u2014 Leonardo Garc\u00eda-Alarc\u00f3n named \u201cArtist of the Year\u201d at the International Classical Music Awards.<\/p>\n                <\/div>\n                    <\/div>\n    <\/div>\n    <div class=\"navigation-prix\">\n        <div class=\"swiper-prix-prev prev-btn-init\"><\/div>\n        <div class=\"swiper-prix-next prev-btn-init\"><\/div>\n    <\/div>\n<\/section>\n\n\n<div class=\"wp-block-columns is-layout-flex wp-container-core-columns-is-layout-28f84493 wp-block-columns-is-layout-flex\">\n<div class=\"wp-block-column is-layout-flow wp-block-column-is-layout-flow\">\n<figure class=\"wp-block-image size-large\"><img loading=\"lazy\" decoding=\"async\" width=\"1024\" height=\"683\" src=\"https:\/\/cappellamediterranea.com\/wp-content\/uploads\/\/250319_icma_tonhalle_1007_9570_diesner-1024x683.jpg\" alt=\"\" class=\"wp-image-14839\" srcset=\"https:\/\/cappellamediterranea.com\/wp-content\/uploads\/250319_icma_tonhalle_1007_9570_diesner-1024x683.jpg 1024w, https:\/\/cappellamediterranea.com\/wp-content\/uploads\/250319_icma_tonhalle_1007_9570_diesner-300x200.jpg 300w, https:\/\/cappellamediterranea.com\/wp-content\/uploads\/250319_icma_tonhalle_1007_9570_diesner-768x512.jpg 768w, https:\/\/cappellamediterranea.com\/wp-content\/uploads\/250319_icma_tonhalle_1007_9570_diesner-1536x1025.jpg 1536w, https:\/\/cappellamediterranea.com\/wp-content\/uploads\/250319_icma_tonhalle_1007_9570_diesner.jpg 2000w\" sizes=\"auto, (max-width: 1024px) 100vw, 1024px\" \/><figcaption class=\"wp-element-caption\"><em>\u00a9Susanne Diesner<\/em><\/figcaption><\/figure>\n<\/div>\n\n\n\n<div class=\"wp-block-column is-layout-flow wp-block-column-is-layout-flow\">\n<figure class=\"wp-block-image size-large\"><img loading=\"lazy\" decoding=\"async\" width=\"1024\" height=\"683\" src=\"https:\/\/cappellamediterranea.com\/wp-content\/uploads\/\/250319_icma_tonhalle_403_4948_diesner-1024x683.jpg\" alt=\"\" class=\"wp-image-14837\" srcset=\"https:\/\/cappellamediterranea.com\/wp-content\/uploads\/250319_icma_tonhalle_403_4948_diesner-1024x683.jpg 1024w, https:\/\/cappellamediterranea.com\/wp-content\/uploads\/250319_icma_tonhalle_403_4948_diesner-300x200.jpg 300w, https:\/\/cappellamediterranea.com\/wp-content\/uploads\/250319_icma_tonhalle_403_4948_diesner-768x512.jpg 768w, https:\/\/cappellamediterranea.com\/wp-content\/uploads\/250319_icma_tonhalle_403_4948_diesner-1536x1025.jpg 1536w, https:\/\/cappellamediterranea.com\/wp-content\/uploads\/250319_icma_tonhalle_403_4948_diesner.jpg 2000w\" sizes=\"auto, (max-width: 1024px) 100vw, 1024px\" \/><figcaption class=\"wp-element-caption\"><em>\u00a9Susanne Diesner<\/em><\/figcaption><\/figure>\n<\/div>\n<\/div>\n\n<div style=\"height:100px\" aria-hidden=\"true\" class=\"wp-block-spacer\"><\/div>\n","protected":false},"excerpt":{"rendered":"03-25 : Leonardo Garc\u00eda-Alarc\u00f3n received the ICMA \u201cArtist of the Year\u201d award.","protected":false},"author":9,"featured_media":14842,"comment_status":"open","ping_status":"open","sticky":false,"template":"","format":"standard","meta":{"_acf_changed":false,"footnotes":""},"categories":[1],"tags":[],"class_list":["post-15037","post","type-post","status-publish","format-standard","has-post-thumbnail","hentry","category-non-classifiee"],"acf":[],"fimg_url":"https:\/\/cappellamediterranea.com\/wp-content\/uploads\/19032025_ICMA2025-Francois-de-MaleissyeDSC06151.jpg","_links":{"self":[{"href":"https:\/\/cappellamediterranea.com\/en\/wp-json\/wp\/v2\/posts\/15037","targetHints":{"allow":["GET"]}}],"collection":[{"href":"https:\/\/cappellamediterranea.com\/en\/wp-json\/wp\/v2\/posts"}],"about":[{"href":"https:\/\/cappellamediterranea.com\/en\/wp-json\/wp\/v2\/types\/post"}],"author":[{"embeddable":true,"href":"https:\/\/cappellamediterranea.com\/en\/wp-json\/wp\/v2\/users\/9"}],"replies":[{"embeddable":true,"href":"https:\/\/cappellamediterranea.com\/en\/wp-json\/wp\/v2\/comments?post=15037"}],"version-history":[{"count":1,"href":"https:\/\/cappellamediterranea.com\/en\/wp-json\/wp\/v2\/posts\/15037\/revisions"}],"predecessor-version":[{"id":15038,"href":"https:\/\/cappellamediterranea.com\/en\/wp-json\/wp\/v2\/posts\/15037\/revisions\/15038"}],"wp:featuredmedia":[{"embeddable":true,"href":"https:\/\/cappellamediterranea.com\/en\/wp-json\/wp\/v2\/media\/14842"}],"wp:attachment":[{"href":"https:\/\/cappellamediterranea.com\/en\/wp-json\/wp\/v2\/media?parent=15037"}],"wp:term":[{"taxonomy":"category","embeddable":true,"href":"https:\/\/cappellamediterranea.com\/en\/wp-json\/wp\/v2\/categories?post=15037"},{"taxonomy":"post_tag","embeddable":true,"href":"https:\/\/cappellamediterranea.com\/en\/wp-json\/wp\/v2\/tags?post=15037"}],"curies":[{"name":"wp","href":"https:\/\/api.w.org\/{rel}","templated":true}]}}