{"id":15034,"date":"2023-03-01T10:50:17","date_gmt":"2023-03-01T09:50:17","guid":{"rendered":"https:\/\/cappellamediterranea.com\/opening-of-the-new-headquarters\/"},"modified":"2026-04-28T11:31:55","modified_gmt":"2026-04-28T09:31:55","slug":"opening-of-the-new-headquarters","status":"publish","type":"post","link":"https:\/\/cappellamediterranea.com\/en\/opening-of-the-new-headquarters\/","title":{"rendered":"Opening of the new headquarters"},"content":{"rendered":"\n<div class=\"wp-block-columns is-layout-flex wp-container-core-columns-is-layout-28f84493 wp-block-columns-is-layout-flex\">\n<div class=\"wp-block-column is-layout-flow wp-block-column-is-layout-flow\">\n<figure class=\"wp-block-image size-large\"><img loading=\"lazy\" decoding=\"async\" width=\"1024\" height=\"682\" src=\"https:\/\/cappellamediterranea.com\/wp-content\/uploads\/\/15092024_Inauguration-Grange-Olliet-cFrancois-de-Maleissye-Cappella-Mediterranea_DSC09552-1024x682.jpg\" alt=\"\" class=\"wp-image-14828\" srcset=\"https:\/\/cappellamediterranea.com\/wp-content\/uploads\/15092024_Inauguration-Grange-Olliet-cFrancois-de-Maleissye-Cappella-Mediterranea_DSC09552-1024x682.jpg 1024w, https:\/\/cappellamediterranea.com\/wp-content\/uploads\/15092024_Inauguration-Grange-Olliet-cFrancois-de-Maleissye-Cappella-Mediterranea_DSC09552-300x200.jpg 300w, https:\/\/cappellamediterranea.com\/wp-content\/uploads\/15092024_Inauguration-Grange-Olliet-cFrancois-de-Maleissye-Cappella-Mediterranea_DSC09552-768x512.jpg 768w, https:\/\/cappellamediterranea.com\/wp-content\/uploads\/15092024_Inauguration-Grange-Olliet-cFrancois-de-Maleissye-Cappella-Mediterranea_DSC09552-1536x1024.jpg 1536w, https:\/\/cappellamediterranea.com\/wp-content\/uploads\/15092024_Inauguration-Grange-Olliet-cFrancois-de-Maleissye-Cappella-Mediterranea_DSC09552.jpg 2000w\" sizes=\"auto, (max-width: 1024px) 100vw, 1024px\" \/><\/figure>\n<\/div>\n\n\n\n<div class=\"wp-block-column is-layout-flow wp-block-column-is-layout-flow\">\n<p>On September 24, 2024, Cappella Mediterranea gathered its circle of friends to inaugurate Lion Studios, the ensemble\u2019s new headquarters.<\/p>\n\n\n\n<p>Situ\u00e9 entre Annecy et Gen\u00e8ve, au c\u0153ur du hameau d\u2019Olliet \u00e0 Savigny en Haute-Savoie, le Lion Studios est \u00e9galement le lieu de conservation du parc instrumental de l&#8217;ensemble.<\/p>\n<\/div>\n<\/div>\n\n<div class=\"wp-block-columns is-layout-flex wp-container-core-columns-is-layout-28f84493 wp-block-columns-is-layout-flex\">\n<div class=\"wp-block-column is-layout-flow wp-block-column-is-layout-flow\">\n<figure class=\"wp-block-image size-large\"><img loading=\"lazy\" decoding=\"async\" width=\"1024\" height=\"682\" src=\"https:\/\/cappellamediterranea.com\/wp-content\/uploads\/\/15092024_Inauguration-Grange-Olliet-cFrancois-de-Maleissye-Cappella-Mediterranea_DSC09597-1024x682.jpg\" alt=\"\" class=\"wp-image-14830\" srcset=\"https:\/\/cappellamediterranea.com\/wp-content\/uploads\/15092024_Inauguration-Grange-Olliet-cFrancois-de-Maleissye-Cappella-Mediterranea_DSC09597-1024x682.jpg 1024w, https:\/\/cappellamediterranea.com\/wp-content\/uploads\/15092024_Inauguration-Grange-Olliet-cFrancois-de-Maleissye-Cappella-Mediterranea_DSC09597-300x200.jpg 300w, https:\/\/cappellamediterranea.com\/wp-content\/uploads\/15092024_Inauguration-Grange-Olliet-cFrancois-de-Maleissye-Cappella-Mediterranea_DSC09597-768x512.jpg 768w, https:\/\/cappellamediterranea.com\/wp-content\/uploads\/15092024_Inauguration-Grange-Olliet-cFrancois-de-Maleissye-Cappella-Mediterranea_DSC09597-1536x1024.jpg 1536w, https:\/\/cappellamediterranea.com\/wp-content\/uploads\/15092024_Inauguration-Grange-Olliet-cFrancois-de-Maleissye-Cappella-Mediterranea_DSC09597.jpg 2000w\" sizes=\"auto, (max-width: 1024px) 100vw, 1024px\" \/><\/figure>\n<\/div>\n\n\n\n<div class=\"wp-block-column is-layout-flow wp-block-column-is-layout-flow\">\n<figure class=\"wp-block-image size-large\"><img loading=\"lazy\" decoding=\"async\" width=\"1024\" height=\"682\" src=\"https:\/\/cappellamediterranea.com\/wp-content\/uploads\/\/15092024_Inauguration-Grange-Olliet-cFrancois-de-Maleissye-Cappella-Mediterranea_DSC09745-1024x682.jpg\" alt=\"\" class=\"wp-image-14832\" srcset=\"https:\/\/cappellamediterranea.com\/wp-content\/uploads\/15092024_Inauguration-Grange-Olliet-cFrancois-de-Maleissye-Cappella-Mediterranea_DSC09745-1024x682.jpg 1024w, https:\/\/cappellamediterranea.com\/wp-content\/uploads\/15092024_Inauguration-Grange-Olliet-cFrancois-de-Maleissye-Cappella-Mediterranea_DSC09745-300x200.jpg 300w, https:\/\/cappellamediterranea.com\/wp-content\/uploads\/15092024_Inauguration-Grange-Olliet-cFrancois-de-Maleissye-Cappella-Mediterranea_DSC09745-768x512.jpg 768w, https:\/\/cappellamediterranea.com\/wp-content\/uploads\/15092024_Inauguration-Grange-Olliet-cFrancois-de-Maleissye-Cappella-Mediterranea_DSC09745-1536x1024.jpg 1536w, https:\/\/cappellamediterranea.com\/wp-content\/uploads\/15092024_Inauguration-Grange-Olliet-cFrancois-de-Maleissye-Cappella-Mediterranea_DSC09745.jpg 2000w\" sizes=\"auto, (max-width: 1024px) 100vw, 1024px\" \/><\/figure>\n<\/div>\n<\/div>\n\n<p><\/p>\n","protected":false},"excerpt":{"rendered":"09-24: Grand opening of the new headquarters for Cappella Mediterranea.","protected":false},"author":1,"featured_media":14716,"comment_status":"closed","ping_status":"closed","sticky":false,"template":"","format":"standard","meta":{"_acf_changed":false,"footnotes":""},"categories":[1],"tags":[],"class_list":["post-15034","post","type-post","status-publish","format-standard","has-post-thumbnail","hentry","category-non-classifiee"],"acf":[],"fimg_url":"https:\/\/cappellamediterranea.com\/wp-content\/uploads\/15092024_Inauguration-Grange-Olliet-Francois-de-Maleissye-Cappella-Mediterranea_DSC09567.jpg","_links":{"self":[{"href":"https:\/\/cappellamediterranea.com\/en\/wp-json\/wp\/v2\/posts\/15034","targetHints":{"allow":["GET"]}}],"collection":[{"href":"https:\/\/cappellamediterranea.com\/en\/wp-json\/wp\/v2\/posts"}],"about":[{"href":"https:\/\/cappellamediterranea.com\/en\/wp-json\/wp\/v2\/types\/post"}],"author":[{"embeddable":true,"href":"https:\/\/cappellamediterranea.com\/en\/wp-json\/wp\/v2\/users\/1"}],"replies":[{"embeddable":true,"href":"https:\/\/cappellamediterranea.com\/en\/wp-json\/wp\/v2\/comments?post=15034"}],"version-history":[{"count":1,"href":"https:\/\/cappellamediterranea.com\/en\/wp-json\/wp\/v2\/posts\/15034\/revisions"}],"predecessor-version":[{"id":15035,"href":"https:\/\/cappellamediterranea.com\/en\/wp-json\/wp\/v2\/posts\/15034\/revisions\/15035"}],"wp:featuredmedia":[{"embeddable":true,"href":"https:\/\/cappellamediterranea.com\/en\/wp-json\/wp\/v2\/media\/14716"}],"wp:attachment":[{"href":"https:\/\/cappellamediterranea.com\/en\/wp-json\/wp\/v2\/media?parent=15034"}],"wp:term":[{"taxonomy":"category","embeddable":true,"href":"https:\/\/cappellamediterranea.com\/en\/wp-json\/wp\/v2\/categories?post=15034"},{"taxonomy":"post_tag","embeddable":true,"href":"https:\/\/cappellamediterranea.com\/en\/wp-json\/wp\/v2\/tags?post=15034"}],"curies":[{"name":"wp","href":"https:\/\/api.w.org\/{rel}","templated":true}]}}