{"id":9303,"date":"2012-06-09T11:14:08","date_gmt":"2012-06-09T09:14:08","guid":{"rendered":"https:\/\/cappellamediterranea.com\/post-discographie\/sogno-barocco\/"},"modified":"2023-12-10T14:54:56","modified_gmt":"2023-12-10T13:54:56","slug":"sogno-barocco","status":"publish","type":"post-discographie","link":"https:\/\/cappellamediterranea.com\/en\/post-discographie\/sogno-barocco\/","title":{"rendered":"Sogno Barocco"},"content":{"rendered":"\n<div class=\"wp-block-columns is-layout-flex wp-container-core-columns-is-layout-28f84493 wp-block-columns-is-layout-flex\">\n<div class=\"wp-block-column is-layout-flow wp-block-column-is-layout-flow\" style=\"flex-basis:50%\">\n<figure class=\"wp-block-image size-large\"><img loading=\"lazy\" decoding=\"async\" width=\"1024\" height=\"650\" src=\"https:\/\/cappellamediterranea.com\/wp-content\/uploads\/\/sogno-barocco_couv-1024x650.jpg\" alt=\"\" class=\"wp-image-7893\" srcset=\"https:\/\/cappellamediterranea.com\/wp-content\/uploads\/sogno-barocco_couv-1024x650.jpg 1024w, https:\/\/cappellamediterranea.com\/wp-content\/uploads\/sogno-barocco_couv-300x191.jpg 300w, https:\/\/cappellamediterranea.com\/wp-content\/uploads\/sogno-barocco_couv-768x488.jpg 768w, https:\/\/cappellamediterranea.com\/wp-content\/uploads\/sogno-barocco_couv.jpg 1200w\" sizes=\"auto, (max-width: 1024px) 100vw, 1024px\" \/><\/figure>\n<\/div>\n\n\n\n<div class=\"wp-block-column is-layout-flow wp-block-column-is-layout-flow\" style=\"flex-basis:50%\">\n<h4 class=\"wp-block-heading\">The programme featured in this album is built upon the dreams of Monteverdi, Cavalli, Rossi and Provenzale, four of Italy\u2019s greatest opera composers in the 17<sup>th<\/sup> century. It marks Anne Sofie von Otter&#8217;s return to Baroque repertoire, which she already immortalised fifteen years ago in an album produced with Archiv Produktion, in collaboration with Musica Antiqua K\u00f6ln. With Leonardo Garc\u00eda-Alarc\u00f3n at her side, she elevates these Early Baroque masterpieces with her magnetic singing, bringing out the drama contained in the text (a highlight is her interpretation of Monteverdi\u2019s &#8220;<em>S\u00ec dolce \u00e8 &#8216;l tormento<\/em>&#8220;!). A must-listen for Baroque lovers and amateurs alike!<\/h4>\n\n\n\n<blockquote class=\"wp-block-quote is-layout-flow wp-block-quote-is-layout-flow\">\n<p><em>\u201cMonteverdi is to early music what Shakespeare is to theatre: his music can be read in unlimited ways, both intellectually and emotionally.\u201d <\/em><\/p>\n<cite><strong>Anne Sofie Von Otter<\/strong><\/cite><\/blockquote>\n<\/div>\n<\/div>\n\n<div class=\"wp-block-columns wp-embed-aspect-16-9 wp-has-aspect-ratio is-layout-flex wp-container-core-columns-is-layout-28f84493 wp-block-columns-is-layout-flex\">\n<div class=\"wp-block-column is-layout-flow wp-block-column-is-layout-flow\">\n<h2 class=\"wp-block-heading\">The masters of Italian opera<\/h2>\n\n\n\n<p>Four masters reigned over Italian opera in the 17<sup>th<\/sup> century: Claudio Monteverdi, Francesco Cavalli, Luigi Rossi, and the lesser-known Francesco Provenzale, maestro di cappella of the Naples\u2019 Cappella di San Gennaro and a contemporary of Alessandro Scarlatti. Monteverdi transported the lyric genre from the court to the village. Cavalli popularised it in public theatres. Provenzale adapted it to the Neapolitan style, mixing burlesque and tragedy, while Luigi Rossi exported it to Paris. This album is a tribute to these composers.    <br\/><\/p>\n<\/div>\n\n\n\n<div class=\"wp-block-column is-layout-flow wp-block-column-is-layout-flow\">\n<figure class=\"wp-block-embed is-type-video is-provider-youtube wp-block-embed-youtube wp-embed-aspect-16-9 wp-has-aspect-ratio\"><div class=\"wp-block-embed__wrapper\">\n<iframe loading=\"lazy\" title=\"Anne Sofie von Otter, Cappella Mediterranea | Sogno barocco: Cavalli, Monteverdi, Rossi, Provenzale\" width=\"500\" height=\"281\" src=\"https:\/\/www.youtube.com\/embed\/eWtYwbrOgKw?feature=oembed\" frameborder=\"0\" allow=\"accelerometer; autoplay; clipboard-write; encrypted-media; gyroscope; picture-in-picture; web-share\" referrerpolicy=\"strict-origin-when-cross-origin\" allowfullscreen><\/iframe>\n<\/div><\/figure>\n<\/div>\n<\/div>\n\n<section class=\"container univers-cappella\">\n    <div class=\"univers-content\">\n\n        <div class=\"content-left\">\n            <iframe data-testid=\"embed-iframe\" style=\"border-radius:12px\" src=\"https:\/\/open.spotify.com\/embed\/artist\/2yJfqhVmNzxJw0bMoE6nUX?utm_source=generator\" width=\"100%\" height=\"352\" frameBorder=\"0\" allowfullscreen=\"\" allow=\"autoplay; clipboard-write; encrypted-media; fullscreen; picture-in-picture\" loading=\"lazy\"><\/iframe>\n        <\/div>\n\n        <div class=\"content-right\">\n            <div class=\"description\">\n                Listen on your favourite platform             <\/div>\n\n            <div class=\"logos\">\n                <div class=\"swiper-logo\">\n                    <div class=\"swiper-wrapper\">\n                                                    <a class=\"swiper-slide\" href=\"https:\/\/open.spotify.com\/album\/4ZFC9SqxOCK2D0puJlagCd?si=RnkyfmwMRwGxgdHxQfFgXQ\" target=\"_blank\">\n                                <img decoding=\"async\" loading=\"lazy\" width=\"0\" height=\"0\" src=\"https:\/\/cappellamediterranea.com\/wp-content\/uploads\/2023\/03\/spotify.svg\" alt=\"\" >\n                            <\/a>\n                                                    <a class=\"swiper-slide\" href=\"https:\/\/deezer.page.link\/SkwcFjHBP2uPwPkh7\" target=\"_blank\">\n                                <img decoding=\"async\" loading=\"lazy\" width=\"0\" height=\"0\" src=\"https:\/\/cappellamediterranea.com\/wp-content\/uploads\/2023\/03\/Groupe-400.svg\" alt=\"\" >\n                            <\/a>\n                                                    <a class=\"swiper-slide\" href=\"https:\/\/www.fnac.com\/a4253014\/Sogno-barocco-CD-album\" target=\"_blank\">\n                                <img decoding=\"async\" loading=\"lazy\" width=\"0\" height=\"0\" src=\"https:\/\/cappellamediterranea.com\/wp-content\/uploads\/fnac.svg\" alt=\"\" >\n                            <\/a>\n                                                    <a class=\"swiper-slide\" href=\"https:\/\/music.apple.com\/fr\/album\/sogno-barocco\/551358052\" target=\"_blank\">\n                                <img decoding=\"async\" loading=\"lazy\" width=\"0\" height=\"0\" src=\"https:\/\/cappellamediterranea.com\/wp-content\/uploads\/Apple_Music_logo.svg\" alt=\"\" >\n                            <\/a>\n                                                    <a class=\"swiper-slide\" href=\"https:\/\/youtube.com\/playlist?list=OLAK5uy_mMtwatGa8tEiKtlc2v-wKypCpFcjfqaDY\" target=\"\">\n                                <img decoding=\"async\" loading=\"lazy\" width=\"0\" height=\"0\" src=\"https:\/\/cappellamediterranea.com\/wp-content\/uploads\/YouTube_Music_full_logo.svg\" alt=\"\" >\n                            <\/a>\n                                            <\/div>\n                <\/div>\n                <div class=\"swiper-next\"><\/div>\n            <\/div>\n\n                            <a class=\"link-default link-center link-circle\" href=\"https:\/\/cappellamediterranea.com\/discographies\/\" target=\"\">\n                    <div class=\"content-circle\">\n                        <div class=\"circle\"><\/div>\n                    <\/div>\n                    <span class=\"title\">\n                        See our other albums                    <\/span>\n                <\/a>\n            \n        <\/div>\n\n        \n    <\/div>\n<\/section>\n\n\n<div class=\"wp-block-columns wp-embed-aspect-16-9 wp-has-aspect-ratio is-layout-flex wp-container-core-columns-is-layout-28f84493 wp-block-columns-is-layout-flex\">\n<div class=\"wp-block-column is-layout-flow wp-block-column-is-layout-flow\">\n<h2 class=\"wp-block-heading\">Artists<\/h2>\n\n\n\n<ul class=\"wp-block-list\">\n<li><strong>Anne-Sofie von Otter<\/strong>, mezzo-soprano<\/li>\n\n\n\n<li><strong>Sandrine Piau<\/strong>, soprano<\/li>\n\n\n\n<li><strong>Susanna Sundberg<\/strong>, contralto<\/li>\n<\/ul>\n\n\n\n<ul class=\"wp-block-list\">\n<li><strong>Ensemble Cappella Mediterranea<\/strong><\/li>\n\n\n\n<li><strong>Leonardo Garcia Alarc\u00f3n<\/strong>, musical direction<\/li>\n<\/ul>\n\n\n\n<p><strong><mark style=\"background-color:rgba(0, 0, 0, 0);color:#3e84c3\" class=\"has-inline-color\">Released in 2012 by Na\u00efve<\/mark><\/strong><\/p>\n\n\n\n<a class=\"link-default link-center link-circle\" href=\"https:\/\/www.amazon.fr\/Sogno-Barocco-Claudio-Monteverdi\/dp\/B0089N47KE\">\n    <div class=\"content-circle\">\n        <div class=\"circle\"><\/div>\n    <\/div>\n    <span class=\"title\">\n        Purchase the album on Amazon    <\/span>\n<\/a>\n\n<\/div>\n\n\n\n<div class=\"wp-block-column is-layout-flow wp-block-column-is-layout-flow\">\n<figure class=\"wp-block-image size-full\"><img loading=\"lazy\" decoding=\"async\" width=\"467\" height=\"622\" src=\"https:\/\/cappellamediterranea.com\/wp-content\/uploads\/Donne-Di-Cavalli-Rougemont-3.jpg\" alt=\"Donne Di Cavalli, Leonardo Garc&#xED;a Alarc&#xF3;n, Rougemont, Cappella Mediterranea\" class=\"wp-image-3698\" srcset=\"https:\/\/cappellamediterranea.com\/wp-content\/uploads\/Donne-Di-Cavalli-Rougemont-3.jpg 467w, https:\/\/cappellamediterranea.com\/wp-content\/uploads\/Donne-Di-Cavalli-Rougemont-3-225x300.jpg 225w\" sizes=\"auto, (max-width: 467px) 100vw, 467px\" \/><\/figure>\n<\/div>\n<\/div>\n\n<section class=\"container titre-secondaire\">\n    <h2 class=\"\">A word from Leonardo Garc\u00eda Alarc\u00f3n<\/h2>\n            <p><p>\u201cThis album evokes several queens and kings, both mythological \u2013 such as Penelope (Queen of Ithaca), Diana (crowned Queen of the Forest by Jupiter), Helena (Queen of Sparta) \u2013 and historical \u2013 such as Poppea (Empress of Rome) and Mary Eleanor of Brandenburg (the Swedish Queen). Anne Sofie von Otter&#8217;s voice reveals previously unknown worlds to us and draws out unexpected sounds from our instruments. Her voice shows us how we as artists should tackle our repertoire \u2013 with a subtle blend of intelligence, curiosity, inventiveness and rigour, using our creativity to seek out novelty.\u201d<\/p>\n<p><strong>Leonardo Garc\u00eda Alarc\u00f3n<\/strong><\/p>\n<\/p>\n    <\/section>\n<div class=\"wp-block-columns is-layout-flex wp-container-core-columns-is-layout-28f84493 wp-block-columns-is-layout-flex\">\n<div class=\"wp-block-column is-layout-flow wp-block-column-is-layout-flow\" style=\"flex-basis:100%\">\n\n<section class=\"container partenaires-telechargements no-file\">\n\n    <div class=\"partenaires\">\n        <h3>Our partners<\/h3>\n        <div class=\"partenaires_content\">\n                            <div class=\"partenaire_item\" data-call-modal=\"fondation-orange-2\">\n                    <img decoding=\"async\" loading=\"lazy\" width=\"696\" height=\"385\" src=\"https:\/\/cappellamediterranea.com\/wp-content\/uploads\/Fondation-Orange-e1686838845925.jpeg\" alt=\"\">\n                <\/div>\n\n                <div class=\"modal\" style=\"visibility: hidden;\" data-modal=\"fondation-orange-2\">\n                    <div class=\"content-modal col1\">\n                        <img decoding=\"async\" loading=\"lazy\" width=\"696\" height=\"385\" src=\"https:\/\/cappellamediterranea.com\/wp-content\/uploads\/Fondation-Orange-e1686838845925.jpeg\" alt=\"\" title=\"Fondation-Orange\" >\n                        <p>This album was produced with the support of Fondation Orange.<\/p>\n                        <span class=\"icon-close\"><\/span>\n                    <\/div>\n                <\/div>\n\n                    <\/div>\n    <\/div>\n    <\/section><\/div>\n<\/div>\n","protected":false},"excerpt":{"rendered":"The programme featured in this album is built upon the dreams of Monteverdi, Cavalli, Rossi and Provenzale, four of Italy\u2019s greatest opera composers in the seventeenth century. It marks Anne Sofie von Otter&#8217;s return to Baroque repertoire, which she already immortalised fifteen years ago in an album produced with Archiv Produktion, in collaboration with Musica Antiqua K\u00f6ln. ","protected":false},"featured_media":7894,"parent":0,"menu_order":0,"template":"","meta":{"_acf_changed":false},"tags":[],"categorie-discographie":[61],"class_list":["post-9303","post-discographie","type-post-discographie","status-publish","has-post-thumbnail","hentry","categorie-discographie-album"],"acf":[],"_links":{"self":[{"href":"https:\/\/cappellamediterranea.com\/en\/wp-json\/wp\/v2\/post-discographie\/9303","targetHints":{"allow":["GET"]}}],"collection":[{"href":"https:\/\/cappellamediterranea.com\/en\/wp-json\/wp\/v2\/post-discographie"}],"about":[{"href":"https:\/\/cappellamediterranea.com\/en\/wp-json\/wp\/v2\/types\/post-discographie"}],"version-history":[{"count":0,"href":"https:\/\/cappellamediterranea.com\/en\/wp-json\/wp\/v2\/post-discographie\/9303\/revisions"}],"wp:featuredmedia":[{"embeddable":true,"href":"https:\/\/cappellamediterranea.com\/en\/wp-json\/wp\/v2\/media\/7894"}],"wp:attachment":[{"href":"https:\/\/cappellamediterranea.com\/en\/wp-json\/wp\/v2\/media?parent=9303"}],"wp:term":[{"taxonomy":"post_tag","embeddable":true,"href":"https:\/\/cappellamediterranea.com\/en\/wp-json\/wp\/v2\/tags?post=9303"},{"taxonomy":"categorie-discographie","embeddable":true,"href":"https:\/\/cappellamediterranea.com\/en\/wp-json\/wp\/v2\/categorie-discographie?post=9303"}],"curies":[{"name":"wp","href":"https:\/\/api.w.org\/{rel}","templated":true}]}}