{"id":8849,"date":"2020-03-06T15:44:33","date_gmt":"2020-03-06T14:44:33","guid":{"rendered":"https:\/\/cappellamediterranea.com\/post-discographie\/draghi-el-prometeo\/"},"modified":"2023-10-06T19:11:15","modified_gmt":"2023-10-06T17:11:15","slug":"draghi-el-prometeo","status":"publish","type":"post-discographie","link":"https:\/\/cappellamediterranea.com\/en\/post-discographie\/draghi-el-prometeo\/","title":{"rendered":"Draghi, El Prometeo"},"content":{"rendered":"\n<div class=\"wp-block-columns is-layout-flex wp-container-core-columns-is-layout-28f84493 wp-block-columns-is-layout-flex\">\n<div class=\"wp-block-column is-layout-flow wp-block-column-is-layout-flow\" style=\"flex-basis:50%\">\n<figure class=\"wp-block-image size-large\"><img loading=\"lazy\" decoding=\"async\" width=\"1024\" height=\"650\" src=\"https:\/\/cappellamediterranea.com\/wp-content\/uploads\/\/el-prometeo-1024x650.jpg\" alt=\"\" class=\"wp-image-7597\" srcset=\"https:\/\/cappellamediterranea.com\/wp-content\/uploads\/el-prometeo-1024x650.jpg 1024w, https:\/\/cappellamediterranea.com\/wp-content\/uploads\/el-prometeo-300x191.jpg 300w, https:\/\/cappellamediterranea.com\/wp-content\/uploads\/el-prometeo-768x488.jpg 768w, https:\/\/cappellamediterranea.com\/wp-content\/uploads\/el-prometeo.jpg 1200w\" sizes=\"auto, (max-width: 1024px) 100vw, 1024px\" \/><\/figure>\n<\/div>\n\n\n\n<div class=\"wp-block-column is-layout-flow wp-block-column-is-layout-flow\" style=\"flex-basis:50%\">\n<h4 class=\"wp-block-heading\">The myth of Prometheus is a universal symbol of artistic creation and human intelligence. Draghi\u2019s score is ravishing. The opera opens with a brief orchestral ritornello and the music constantly lilts, in keeping with the Spanish style. A continuous melody runs through the work, offering a more expressive, Iberian variant of the Florentine <em>recitar cantandodes<\/em>. <\/h4>\n\n\n\n<blockquote class=\"wp-block-quote is-layout-flow wp-block-quote-is-layout-flow\">\n<p><em>\u201cThe shading of the soloists is perfect, from the sensuality of Thetis (Marianna Flores) to the colourfulness of Satyr (Borja Quiza), the modesty of Nis\u00e9e (Giuseppina Bridelli), the temperament of Minerva (Ana Quintans) and the flightiness of Prometheus (Fabio Tr\u00fcmpy). The rest is taken care of by the Ch\u0153ur de chambre de Namur and the dynamic energy of Leonardo Garc\u00eda Alarc\u00f3n.\u201d<\/em><\/p>\n<cite><strong>G\u00e9rard Pangon for Musikzen<\/strong><\/cite><\/blockquote>\n<\/div>\n<\/div>\n\n<div class=\"wp-block-columns wp-embed-aspect-16-9 wp-has-aspect-ratio is-layout-flex wp-container-core-columns-is-layout-28f84493 wp-block-columns-is-layout-flex\">\n<div class=\"wp-block-column is-layout-flow wp-block-column-is-layout-flow\">\n<h2 class=\"wp-block-heading\">A reconstructed score<\/h2>\n\n\n\n<p>The original score of El Prometeo can be found in Vienna\u2019s Leopoldina Library. This first opera by Antonio Draghi (a composer and singer who notably starred in Cavalli\u2019s operas) dates from 1669. It was the first time in history that an Italian composed with a Spanish text. The last act of El Prometeo is missing, but since the libretto of this act has been preserved, Leonardo Garc\u00eda Alarc\u00f3n decided to rewrite the music: &#8220;I immersed myself in Draghi&#8217;s music to understand his style, the intervals he preferred, the kinds of melodies he wrote and the type of basso continuo he used to try and create a score that is worthy of him. My hope is that this third act will live up to his music, his intentions and his work!&#8221;. He leads a brilliant cast (Fabio Tr\u00fcmpy, Mariana Flor\u00e8s, Giuseppina Bridelli, Scott Conner, Borja Quiza, Zachary Wilder, Ana Quintans) that bring this Spanish baroque opera to life. It is an opportunity for the conductor and composer to show his love for his native language and prove that it is &#8220;an absolutely musical language&#8221;!<\/p>\n<\/div>\n\n\n\n<div class=\"wp-block-column is-vertically-aligned-bottom is-layout-flow wp-block-column-is-layout-flow\">\n<figure class=\"wp-block-embed is-type-video is-provider-youtube wp-block-embed-youtube wp-embed-aspect-16-9 wp-has-aspect-ratio\"><div class=\"wp-block-embed__wrapper\">\n<iframe loading=\"lazy\" title=\"[FIN DE DROITS]&quot;El Prometeo&quot; d&#039;Antonio Draghi &amp; Leonardo Garc\u00eda Alarc\u00f3n (Cappella Mediterranea &amp;...\" width=\"500\" height=\"281\" src=\"https:\/\/www.youtube.com\/embed\/NCEM0pfBxD4?feature=oembed\" frameborder=\"0\" allow=\"accelerometer; autoplay; clipboard-write; encrypted-media; gyroscope; picture-in-picture; web-share\" referrerpolicy=\"strict-origin-when-cross-origin\" allowfullscreen><\/iframe>\n<\/div><\/figure>\n<\/div>\n<\/div>\n\n<section class=\"container univers-cappella\">\n    <div class=\"univers-content\">\n\n        <div class=\"content-left\">\n            <iframe data-testid=\"embed-iframe\" style=\"border-radius:12px\" src=\"https:\/\/open.spotify.com\/embed\/artist\/2yJfqhVmNzxJw0bMoE6nUX?utm_source=generator\" width=\"100%\" height=\"352\" frameBorder=\"0\" allowfullscreen=\"\" allow=\"autoplay; clipboard-write; encrypted-media; fullscreen; picture-in-picture\" loading=\"lazy\"><\/iframe>\n        <\/div>\n\n        <div class=\"content-right\">\n            <div class=\"description\">\n                Listen on your favourite platform             <\/div>\n\n            <div class=\"logos\">\n                <div class=\"swiper-logo\">\n                    <div class=\"swiper-wrapper\">\n                                                    <a class=\"swiper-slide\" href=\"https:\/\/open.spotify.com\/album\/3T3YGfcXqvRcjyxXsjEMPp?si=Aia1XxydTzK9xZbrZiKDHA\" target=\"_blank\">\n                                <img decoding=\"async\" loading=\"lazy\" width=\"0\" height=\"0\" src=\"https:\/\/cappellamediterranea.com\/wp-content\/uploads\/2023\/03\/spotify.svg\" alt=\"\" >\n                            <\/a>\n                                                    <a class=\"swiper-slide\" href=\"https:\/\/deezer.page.link\/kpFJeP9cn1kLBviMA\" target=\"_blank\">\n                                <img decoding=\"async\" loading=\"lazy\" width=\"0\" height=\"0\" src=\"https:\/\/cappellamediterranea.com\/wp-content\/uploads\/2023\/03\/Groupe-400.svg\" alt=\"\" >\n                            <\/a>\n                                                    <a class=\"swiper-slide\" href=\"https:\/\/music.apple.com\/us\/album\/antonio-draghi-leonardo-garc%C3%ADa-alarc%C3%B3n-el-prometeo\/1572109783\" target=\"_blank\">\n                                <img decoding=\"async\" loading=\"lazy\" width=\"0\" height=\"0\" src=\"https:\/\/cappellamediterranea.com\/wp-content\/uploads\/2023\/03\/Groupe-403.svg\" alt=\"\" >\n                            <\/a>\n                                                    <a class=\"swiper-slide\" href=\"https:\/\/amazon.fr\/music\/player\/albums\/B0973HDNTX?marketplaceId=A13V1IB3VIYZZH&#038;musicTerritory=FR&#038;ref=dm_sh_XXg1J0T0R32YyrcZdZb3YnJFY\" target=\"_blank\">\n                                <img decoding=\"async\" loading=\"lazy\" width=\"0\" height=\"0\" src=\"https:\/\/cappellamediterranea.com\/wp-content\/uploads\/amazon-music.svg\" alt=\"\" >\n                            <\/a>\n                                                    <a class=\"swiper-slide\" href=\"https:\/\/www.qobuz.com\/fr-fr\/album\/antonio-draghi-leonardo-garcia-alarcon-el-prometeo-leonardo-garcia-alarcon-cappella-mediterranea-and-chur-de-chambre-de-namur\/utyepw28wtcfb\" target=\"_blank\">\n                                <img decoding=\"async\" loading=\"lazy\" width=\"0\" height=\"0\" src=\"https:\/\/cappellamediterranea.com\/wp-content\/uploads\/2023\/03\/Groupe-401.svg\" alt=\"\" >\n                            <\/a>\n                                                    <a class=\"swiper-slide\" href=\" https:\/\/www.fnac.com\/a14212171\/Antonio-Draghi-El-Prometeo-CD-album \" target=\"_blank\">\n                                <img decoding=\"async\" loading=\"lazy\" width=\"0\" height=\"0\" src=\"https:\/\/cappellamediterranea.com\/wp-content\/uploads\/fnac.svg\" alt=\"\" >\n                            <\/a>\n                                                    <a class=\"swiper-slide\" href=\"https:\/\/youtube.com\/playlist?list=OLAK5uy_mCw2xs8iztY-qCJSpqbox4q7zgeAgyfqA\" target=\"\">\n                                <img decoding=\"async\" loading=\"lazy\" width=\"0\" height=\"0\" src=\"https:\/\/cappellamediterranea.com\/wp-content\/uploads\/YouTube_Music_full_logo.svg\" alt=\"\" >\n                            <\/a>\n                                            <\/div>\n                <\/div>\n                <div class=\"swiper-next\"><\/div>\n            <\/div>\n\n                            <a class=\"link-default link-center link-circle\" href=\"https:\/\/cappellamediterranea.com\/production\/amore-siciliano-2-3-2\/\" target=\"\">\n                    <div class=\"content-circle\">\n                        <div class=\"circle\"><\/div>\n                    <\/div>\n                    <span class=\"title\">\n                        Concerts                    <\/span>\n                <\/a>\n            \n        <\/div>\n\n        \n    <\/div>\n<\/section>\n\n\n<div class=\"wp-block-columns wp-embed-aspect-16-9 wp-has-aspect-ratio is-layout-flex wp-container-core-columns-is-layout-28f84493 wp-block-columns-is-layout-flex\">\n<div class=\"wp-block-column is-layout-flow wp-block-column-is-layout-flow\">\n<h2 class=\"wp-block-heading\">Artists<\/h2>\n\n\n\n<ul class=\"wp-block-list\">\n<li><strong>Fabio Tr\u00fcmpy<\/strong>, tenor \u2013 <em>Prometeo<\/em><\/li>\n\n\n\n<li><strong>Scott Conner<\/strong>, bass \u2013 <em>Peleo<\/em><\/li>\n\n\n\n<li><strong>Mariana Flores<\/strong>, soprano \u2013 <em>Tetis<\/em><\/li>\n\n\n\n<li><strong>Giuseppina Bridelli<\/strong>, mezzo-soprano \u2013 <em>Nissea<\/em><\/li>\n\n\n\n<li><strong>Borja Quiza<\/strong>, baritone \u2013 <em>Satyro<\/em><\/li>\n\n\n\n<li><strong>Zachary Wilder<\/strong>, tenor \u2013 <em>Mercurio<\/em><\/li>\n\n\n\n<li><strong>Ana Quintans<\/strong>, soprano \u2013 <em>Minerva<\/em><\/li>\n\n\n\n<li><strong>Kamil Ben Hsa\u00efn Lachiri<\/strong>, baritone \u2013 <em>Hercules<\/em><\/li>\n\n\n\n<li><strong>Victor Torr\u00e8s<\/strong>, tenor \u2013 <em>Nereo<\/em><\/li>\n\n\n\n<li><strong>Anna Reinhold<\/strong>, mezzo-soprano \u2013 <em>Pandora<\/em><\/li>\n\n\n\n<li><strong>Alejandro Meerapfel<\/strong>, baritone \u2013 <em>Jupiter<\/em><\/li>\n\n\n\n<li><strong>Lucia Martin Carton<\/strong>, soprano \u2013 <em>Aracne<\/em><\/li>\n<\/ul>\n\n\n\n<ul class=\"wp-block-list\">\n<li><strong>Cappella Mediterranea<\/strong><\/li>\n\n\n\n<li><strong>Choeur de Chambre de Namur<\/strong><\/li>\n\n\n\n<li><strong>Leonardo Garc\u00eda Alarc\u00f3n<\/strong>, direction<\/li>\n<\/ul>\n\n\n\n<p><strong><mark style=\"background-color:rgba(0, 0, 0, 0);color:#3e84c3\" class=\"has-inline-color\"><strong>Released on 6 March 2020 by Alpha &#8211; 128 minutes<\/strong><\/mark><\/strong><\/p>\n\n\n\n<div class=\"wp-block-columns is-layout-flex wp-container-core-columns-is-layout-328c6305 wp-block-columns-is-layout-flex\" style=\"padding-top:var(--wp--preset--spacing--30)\">\n<div class=\"wp-block-column is-layout-flow wp-block-column-is-layout-flow\" style=\"flex-basis:100%\">\n<div class=\"wp-block-columns is-layout-flex wp-container-core-columns-is-layout-328c6305 wp-block-columns-is-layout-flex\" style=\"padding-top:var(--wp--preset--spacing--30)\">\n<div class=\"wp-block-column is-layout-flow wp-block-column-is-layout-flow\" style=\"flex-basis:100%\">\n<a class=\"link-default link-center link-circle\" href=\"https:\/\/outhere-music.com\/fr\/albums\/antonio-draghi-leonardo-garcia-alarcon-el-prometeo\">\n    <div class=\"content-circle\">\n        <div class=\"circle\"><\/div>\n    <\/div>\n    <span class=\"title\">\n        Purchase the album from d&#8217;Outhere Music    <\/span>\n<\/a>\n\n<\/div>\n<\/div>\n<\/div>\n<\/div>\n<\/div>\n\n\n\n<div class=\"wp-block-column is-layout-flow wp-block-column-is-layout-flow\">\n<figure class=\"wp-block-image size-large\"><img decoding=\"async\" src=\"http:\/\/cappellamediterranea.com\/wp-content\/uploads\/El-Prometeo-&#xA9;Vincent-Arbalet-6-1024x1024.jpg\" alt=\"Draghi, El Prometeo, Cappella Mediterranea\" class=\"wp-image-5661\"\/><\/figure>\n<\/div>\n<\/div>\n\n<div class=\"wp-block-columns is-layout-flex wp-container-core-columns-is-layout-28f84493 wp-block-columns-is-layout-flex\">\n<div class=\"wp-block-column is-layout-flow wp-block-column-is-layout-flow\" style=\"flex-basis:100%\">\n<section class=\"container titre-secondaire\">\n    <h2 class=\"\">What the critics are saying<\/h2>\n            <p><p>\u201cAlarcon has created this fresco in the most improbable way. Although it may be artificially constructed, it is painted with undeniable splendour.\u201d<br \/>\n<b><i>Denis Morrier for Diapason<\/i><\/b><\/p>\n<p>\u201cNo lover of Baroque opera should miss out on this rare album that is of such high quality.\u201d<br \/>\n<b><i>Philippe Gelinaud for Diapason<\/i><\/b><\/p>\n<p>\u201cIf Mariana Flores stands out as Tetis for the colours she brings to her declamation, the most beautiful singing comes from the mezzos, Giuseppina Bridelli and Ana Quintans, not to mention Zachary Wilder&#8217;s lovely Mercurio.\u201d<br \/>\n<b><i>Pierre Degott<\/i> <i>for<\/i> <i>ResMusica<\/i><\/b><\/p>\n<p>\u201cA magnificent revelation, embodied by an impeccable cast that is dominated by the female trio of Flor\u00e8s, Bridelli and Quintans, and the superb Fabio Tr\u00fcmpy. As usual, Alarc\u00f3n&#8217;s direction is by turns theatrical, lively, voluptuous, sensitive and colourful.\u201d<br \/>\n<b><i>Charles Sigel for ForumOpera<\/i><\/b><\/p>\n<p>&#8220;An irreproachable supporting cast and a fantastic Ch\u0153ur de Namur.&#8221;<br \/>\n<b><i>J\u00e9r\u00e9mie Bigorie for Classica<\/i><\/b><\/p>\n<p>\u201cThe release of &#8220;El Prometeo&#8221; is another masterful stroke. The exotic splendour of the orchestration and the Spanish sounds (served up by the conductor\u2019s usual accomplices, Cappella Mediterranea and the Ch\u0153ur de Chambre de Namur) are bound to delight and provide a change of scene.\u201d<br \/>\n<b><i>Lise Bloch-Morhange for Les soir\u00e9es de Paris<\/i><\/b><\/p>\n<p>&#8220;A true lyrical miracle. Cappella Mediterranea transcends the orchestration, which combines shimmering colours with Iberian sonorities, under the exalted direction of Leonardo Garcia Alarcon, who is at the height of his powers and his art.&#8221;<br \/>\n<b><i>Marie-Aude Roux for Le Monde<\/i><\/b><\/p>\n<\/p>\n    <\/section><\/div>\n<\/div>\n\n<div class=\"wp-block-columns is-layout-flex wp-container-core-columns-is-layout-28f84493 wp-block-columns-is-layout-flex\">\n<div class=\"wp-block-column is-layout-flow wp-block-column-is-layout-flow\" style=\"flex-basis:100%\">\n\n<section class=\"container partenaires-telechargements no-file\">\n\n    <div class=\"partenaires\">\n        <h3>Our partners<\/h3>\n        <div class=\"partenaires_content\">\n                            <div class=\"partenaire_item\" data-call-modal=\"\">\n                    <img decoding=\"async\" loading=\"lazy\" width=\"\" height=\"\" src=\"\" alt=\"\">\n                <\/div>\n\n                <div class=\"modal\" style=\"visibility: hidden;\" data-modal=\"\">\n                    <div class=\"content-modal col1\">\n                        <img decoding=\"async\" loading=\"lazy\" width=\"\" height=\"\" src=\"\" alt=\"\" title=\"\" >\n                        <p>A new production by the Op\u00e9ra de Dijon.<\/p>\n                        <span class=\"icon-close\"><\/span>\n                    <\/div>\n                <\/div>\n\n                    <\/div>\n    <\/div>\n    <\/section><\/div>\n<\/div>\n","protected":false},"excerpt":{"rendered":"The myth of Prometheus is a universal symbol of artistic creation and human intelligence. Draghi\u2019s score is ravishing. ","protected":false},"featured_media":7598,"parent":0,"menu_order":0,"template":"","meta":{"_acf_changed":false},"tags":[],"categorie-discographie":[61],"class_list":["post-8849","post-discographie","type-post-discographie","status-publish","has-post-thumbnail","hentry","categorie-discographie-album"],"acf":[],"_links":{"self":[{"href":"https:\/\/cappellamediterranea.com\/en\/wp-json\/wp\/v2\/post-discographie\/8849","targetHints":{"allow":["GET"]}}],"collection":[{"href":"https:\/\/cappellamediterranea.com\/en\/wp-json\/wp\/v2\/post-discographie"}],"about":[{"href":"https:\/\/cappellamediterranea.com\/en\/wp-json\/wp\/v2\/types\/post-discographie"}],"version-history":[{"count":0,"href":"https:\/\/cappellamediterranea.com\/en\/wp-json\/wp\/v2\/post-discographie\/8849\/revisions"}],"wp:featuredmedia":[{"embeddable":true,"href":"https:\/\/cappellamediterranea.com\/en\/wp-json\/wp\/v2\/media\/7598"}],"wp:attachment":[{"href":"https:\/\/cappellamediterranea.com\/en\/wp-json\/wp\/v2\/media?parent=8849"}],"wp:term":[{"taxonomy":"post_tag","embeddable":true,"href":"https:\/\/cappellamediterranea.com\/en\/wp-json\/wp\/v2\/tags?post=8849"},{"taxonomy":"categorie-discographie","embeddable":true,"href":"https:\/\/cappellamediterranea.com\/en\/wp-json\/wp\/v2\/categorie-discographie?post=8849"}],"curies":[{"name":"wp","href":"https:\/\/api.w.org\/{rel}","templated":true}]}}