{"id":8624,"date":"2021-06-11T14:19:24","date_gmt":"2021-06-11T12:19:24","guid":{"rendered":"https:\/\/cappellamediterranea.com\/post-discographie\/dindia-lamenti-sospiri\/"},"modified":"2023-09-18T11:08:20","modified_gmt":"2023-09-18T09:08:20","slug":"dindia-lamenti-sospiri","status":"publish","type":"post-discographie","link":"https:\/\/cappellamediterranea.com\/en\/post-discographie\/dindia-lamenti-sospiri\/","title":{"rendered":"D&#8217;India, Lamenti &amp; Sospiri"},"content":{"rendered":"\n<div class=\"wp-block-columns is-layout-flex wp-container-core-columns-is-layout-28f84493 wp-block-columns-is-layout-flex\">\n<div class=\"wp-block-column is-layout-flow wp-block-column-is-layout-flow\" style=\"flex-basis:50%\">\n<figure class=\"wp-block-image aligncenter size-large\"><img loading=\"lazy\" decoding=\"async\" width=\"1024\" height=\"650\" src=\"https:\/\/cappellamediterranea.com\/wp-content\/uploads\/\/lamenti_couv-1024x650.jpg\" alt=\"\" class=\"wp-image-7583\" srcset=\"https:\/\/cappellamediterranea.com\/wp-content\/uploads\/lamenti_couv-1024x650.jpg 1024w, https:\/\/cappellamediterranea.com\/wp-content\/uploads\/lamenti_couv-300x191.jpg 300w, https:\/\/cappellamediterranea.com\/wp-content\/uploads\/lamenti_couv-768x488.jpg 768w, https:\/\/cappellamediterranea.com\/wp-content\/uploads\/lamenti_couv.jpg 1200w\" sizes=\"auto, (max-width: 1024px) 100vw, 1024px\" \/><\/figure>\n<\/div>\n\n\n\n<div class=\"wp-block-column is-layout-flow wp-block-column-is-layout-flow\" style=\"flex-basis:50%\">\n<h4 class=\"wp-block-heading\">In this new programme, Leonardo Garc\u00eda Alarc\u00f3n invites us to discover the accompanied monodies, arias and madrigals for one or two voices by Sigismondo d&#8217;India, a late-Renaissance and early-Baroque Italian composer, carried by the sublime voices of Mariana Flores and Julie Roset.<\/h4>\n<\/div>\n<\/div>\n\n<div class=\"wp-block-columns wp-embed-aspect-16-9 wp-has-aspect-ratio is-layout-flex wp-container-core-columns-is-layout-28f84493 wp-block-columns-is-layout-flex\">\n<div class=\"wp-block-column is-layout-flow wp-block-column-is-layout-flow\">\n<h2 class=\"wp-block-heading\">Madrigals for one or two voices<\/h2>\n\n\n\n<p>While the exact date and place of birth of Sigismondo d&#8217;India (c. 1582 Palermo &#8211; before 19 April 1629 in Modena) is unknown, his extraordinary career as a musician-courtier and the modernity and expressive power of his music make him, in the words of musicologist Paolo Emilio Carapezza, &#8220;one of the founding fathers of modern music, between the end of the Renaissance and the beginning of the Baroque period.&#8221;<br\/> <br\/>During d&#8217;India&#8217;s time, solo vocal music was characterized by ornate vocal melodies composed to the words of a secular poetic text and an instrumental accompaniment played by one or more instruments capable of producing harmonic chords, such as the harpsichord, organ, lute, theorbo, guitar, harp or viol.<\/p>\n<\/div>\n\n\n\n<div class=\"wp-block-column is-vertically-aligned-bottom is-layout-flow wp-block-column-is-layout-flow\">\n<figure class=\"wp-block-embed is-type-video is-provider-youtube wp-block-embed-youtube wp-embed-aspect-16-9 wp-has-aspect-ratio\"><div class=\"wp-block-embed__wrapper\">\n<iframe loading=\"lazy\" title=\"D&#039;INDIA \/\/ &#039;Chi nudrisce tua speme&#039;\" width=\"500\" height=\"281\" src=\"https:\/\/www.youtube.com\/embed\/3XIWGlvL80s?feature=oembed\" frameborder=\"0\" allow=\"accelerometer; autoplay; clipboard-write; encrypted-media; gyroscope; picture-in-picture; web-share\" referrerpolicy=\"strict-origin-when-cross-origin\" allowfullscreen><\/iframe>\n<\/div><\/figure>\n<\/div>\n<\/div>\n\n<section class=\"container univers-cappella\">\n    <div class=\"univers-content\">\n\n        <div class=\"content-left\">\n            <iframe data-testid=\"embed-iframe\" style=\"border-radius:12px\" src=\"https:\/\/open.spotify.com\/embed\/artist\/2yJfqhVmNzxJw0bMoE6nUX?utm_source=generator\" width=\"100%\" height=\"352\" frameBorder=\"0\" allowfullscreen=\"\" allow=\"autoplay; clipboard-write; encrypted-media; fullscreen; picture-in-picture\" loading=\"lazy\"><\/iframe>\n        <\/div>\n\n        <div class=\"content-right\">\n            <div class=\"description\">\n                Listen on your favourite platform             <\/div>\n\n            <div class=\"logos\">\n                <div class=\"swiper-logo\">\n                    <div class=\"swiper-wrapper\">\n                                                    <a class=\"swiper-slide\" href=\"https:\/\/open.spotify.com\/album\/058LUwvHup0W59GoOFOBLP\" target=\"_blank\">\n                                <img decoding=\"async\" loading=\"lazy\" width=\"0\" height=\"0\" src=\"https:\/\/cappellamediterranea.com\/wp-content\/uploads\/2023\/03\/spotify.svg\" alt=\"\" >\n                            <\/a>\n                                                    <a class=\"swiper-slide\" href=\"https:\/\/deezer.page.link\/YBCoT1aQEsN7bSkS8\" target=\"_blank\">\n                                <img decoding=\"async\" loading=\"lazy\" width=\"0\" height=\"0\" src=\"https:\/\/cappellamediterranea.com\/wp-content\/uploads\/2023\/03\/Groupe-400.svg\" alt=\"\" >\n                            <\/a>\n                                                    <a class=\"swiper-slide\" href=\"https:\/\/www.qobuz.com\/fr-fr\/album\/sigismondo-dindia-lamenti-sospiri-mariana-flores-julie-roset-and-cappella-mediterranea\/k1dkzov11qiia\" target=\"_blank\">\n                                <img decoding=\"async\" loading=\"lazy\" width=\"0\" height=\"0\" src=\"https:\/\/cappellamediterranea.com\/wp-content\/uploads\/2023\/03\/Groupe-401.svg\" alt=\"\" >\n                            <\/a>\n                                                    <a class=\"swiper-slide\" href=\"https:\/\/music.apple.com\/fr\/album\/sigismondo-dindia-lamenti-sospiri\/1563913801\" target=\"_blank\">\n                                <img decoding=\"async\" loading=\"lazy\" width=\"0\" height=\"0\" src=\"https:\/\/cappellamediterranea.com\/wp-content\/uploads\/Apple_Music_logo.svg\" alt=\"\" >\n                            <\/a>\n                                                    <a class=\"swiper-slide\" href=\"https:\/\/www.fnac.com\/a15993295\/Sigismondo-D-India-Lamenti-And-Sospiri-CD-album#omnsearchpos=1\" target=\"_blank\">\n                                <img decoding=\"async\" loading=\"lazy\" width=\"0\" height=\"0\" src=\"https:\/\/cappellamediterranea.com\/wp-content\/uploads\/fnac.svg\" alt=\"\" >\n                            <\/a>\n                                                    <a class=\"swiper-slide\" href=\"https:\/\/music.amazon.fr\/albums\/B092ZMH9FX?marketplaceId=A13V1IB3VIYZZH&#038;musicTerritory=FR&#038;ref=dm_sh_RCPUub9MAqw8V0dMRvb56ysWQ\" target=\"_blank\">\n                                <img decoding=\"async\" loading=\"lazy\" width=\"0\" height=\"0\" src=\"https:\/\/cappellamediterranea.com\/wp-content\/uploads\/amazon-music.svg\" alt=\"\" >\n                            <\/a>\n                                                    <a class=\"swiper-slide\" href=\"https:\/\/youtube.com\/playlist?list=OLAK5uy_kSjfud1GpznsDIyEeoFztrT-K4NEib154\" target=\"\">\n                                <img decoding=\"async\" loading=\"lazy\" width=\"0\" height=\"0\" src=\"https:\/\/cappellamediterranea.com\/wp-content\/uploads\/YouTube_Music_full_logo.svg\" alt=\"\" >\n                            <\/a>\n                                            <\/div>\n                <\/div>\n                <div class=\"swiper-next\"><\/div>\n            <\/div>\n\n                            <a class=\"link-default link-center link-circle\" href=\"https:\/\/cappellamediterranea.com\/production\/amore-siciliano-2-4\/\" target=\"\">\n                    <div class=\"content-circle\">\n                        <div class=\"circle\"><\/div>\n                    <\/div>\n                    <span class=\"title\">\n                        Concerts                    <\/span>\n                <\/a>\n            \n        <\/div>\n\n        \n    <\/div>\n<\/section>\n\n\n<section class=\"container titre-secondaire\">\n    <h2 class=\"\">About<\/h2>\n            <p><p>\u201cOur aim is to reveal the elegance, depth and poetry of Sigismondo d&#8217;India&#8217;s music, which sets it apart from the frivolities of the dramaturgical universe of opera, which emerged around 1600. This music is not intended to entertain or amuse. This is music that we must reflect on and savour in an almost philosophical way, like an incursion into the depths of human emotion. Under the hand of Sigismondo d&#8217;India, this return to silence is almost like a pathway to purification, in the deepest sense of the word. It is a precious gift in the aftermath of the silent world that was imposed upon us in 2020.\u201d<\/p>\n<p><strong>Leonardo Garc\u00eda Alarc\u00f3n<\/strong><\/p>\n<\/p>\n    <\/section>\n<div class=\"wp-block-columns wp-embed-aspect-16-9 wp-has-aspect-ratio is-layout-flex wp-container-core-columns-is-layout-28f84493 wp-block-columns-is-layout-flex\">\n<div class=\"wp-block-column is-layout-flow wp-block-column-is-layout-flow\">\n<h2 class=\"wp-block-heading\">Artists<\/h2>\n\n\n\n<ul class=\"wp-block-list\">\n<li><strong>Mariana Flores<\/strong> &amp; <strong>Julie Roset<\/strong>, soprano<\/li>\n\n\n\n<li><strong>Cappella Mediterranea<\/strong><\/li>\n\n\n\n<li><strong>Margaux Blanchard<\/strong>, bass viola da gamba<\/li>\n\n\n\n<li><strong>Marie Bournisien<\/strong>, harp<\/li>\n\n\n\n<li><strong>Quito Gato<\/strong>, theorbo and guitar<\/li>\n\n\n\n<li><strong>M\u00f3nica Pustilnik<\/strong>, archlute<\/li>\n<\/ul>\n\n\n\n<ul class=\"wp-block-list\">\n<li><strong>Cappella Mediterranea<\/strong><\/li>\n\n\n\n<li><strong>Leonardo Garc\u00eda Alarc\u00f3n<\/strong>, harpsichord, organ and direction<\/li>\n<\/ul>\n\n\n\n<p><strong><mark style=\"background-color:rgba(0, 0, 0, 0);color:#3e84c3\" class=\"has-inline-color\"><strong>Released on 11 June 2021 by Ricercar<\/strong><\/mark><\/strong><\/p>\n\n\n\n<a class=\"link-default link-center link-circle\" href=\"https:\/\/outhere-music.com\/fr\/albums\/sigismondo-dindia-lamenti-sospiri%20%20\">\n    <div class=\"content-circle\">\n        <div class=\"circle\"><\/div>\n    <\/div>\n    <span class=\"title\">\n        Purchase the album from d&#8217;Outhere Music    <\/span>\n<\/a>\n\n<\/div>\n\n\n\n<div class=\"wp-block-column is-layout-flow wp-block-column-is-layout-flow\">\n<figure class=\"wp-block-image size-large\"><img loading=\"lazy\" decoding=\"async\" width=\"1024\" height=\"597\" src=\"https:\/\/cappellamediterranea.com\/wp-content\/uploads\/\/India-1-1024x597.jpg\" alt=\"India, Lamenti&amp;amp;Sospiri, Mariana Flores, Julie Roset, Quito Gato, La Roque d'Anth&#xE9;ron, Abbaye de Silvacane, Cappella Mediterranea\" class=\"wp-image-3251\" srcset=\"https:\/\/cappellamediterranea.com\/wp-content\/uploads\/India-1-1024x597.jpg 1024w, https:\/\/cappellamediterranea.com\/wp-content\/uploads\/India-1-300x175.jpg 300w, https:\/\/cappellamediterranea.com\/wp-content\/uploads\/India-1-768x448.jpg 768w, https:\/\/cappellamediterranea.com\/wp-content\/uploads\/India-1.jpg 1139w\" sizes=\"auto, (max-width: 1024px) 100vw, 1024px\" \/><\/figure>\n<\/div>\n<\/div>\n\n<div class=\"wp-block-columns is-layout-flex wp-container-core-columns-is-layout-28f84493 wp-block-columns-is-layout-flex\">\n<div class=\"wp-block-column is-layout-flow wp-block-column-is-layout-flow\" style=\"flex-basis:100%\">\n\n<section class=\"container partenaires-telechargements no-file\">\n\n    <div class=\"partenaires\">\n        <h3><span style=\"font-size: 18pt;\">Our partners<\/span><\/h3>\n<p>This recording was supported by a Swiss family foundation.<\/p>\n        <div class=\"partenaires_content\">\n                            <div class=\"partenaire_item\" data-call-modal=\"sg-2\">\n                    <img decoding=\"async\" loading=\"lazy\" width=\"1070\" height=\"1010\" src=\"https:\/\/cappellamediterranea.com\/wp-content\/uploads\/SG-e1686900001393.png\" alt=\"\">\n                <\/div>\n\n                <div class=\"modal\" style=\"visibility: hidden;\" data-modal=\"sg-2\">\n                    <div class=\"content-modal col1\">\n                        <img decoding=\"async\" loading=\"lazy\" width=\"1070\" height=\"1010\" src=\"https:\/\/cappellamediterranea.com\/wp-content\/uploads\/SG-e1686900001393.png\" alt=\"\" title=\"SG\" >\n                        <p>This recording was sponsored by Soci\u00e9t\u00e9 G\u00e9n\u00e9rale\u2019s M\u00e9c\u00e9nat Musical.<\/p>\n                        <span class=\"icon-close\"><\/span>\n                    <\/div>\n                <\/div>\n\n                    <\/div>\n    <\/div>\n    <\/section><\/div>\n<\/div>\n","protected":false},"excerpt":{"rendered":"In this new programme, Leonardo Garc\u00eda Alarc\u00f3n invites us to discover the accompanied monodies, arias and madrigals for one or two voices by Sigismondo d&#8217;India, a late-Renaissance and early-Baroque Italian composer, carried by the sublime voices of Mariana Flores and Julie Roset.","protected":false},"featured_media":7584,"parent":0,"menu_order":0,"template":"","meta":{"_acf_changed":false},"tags":[],"categorie-discographie":[61,50],"class_list":["post-8624","post-discographie","type-post-discographie","status-publish","has-post-thumbnail","hentry","categorie-discographie-album","categorie-discographie-disques-de-cappella-mediterranea"],"acf":[],"_links":{"self":[{"href":"https:\/\/cappellamediterranea.com\/en\/wp-json\/wp\/v2\/post-discographie\/8624","targetHints":{"allow":["GET"]}}],"collection":[{"href":"https:\/\/cappellamediterranea.com\/en\/wp-json\/wp\/v2\/post-discographie"}],"about":[{"href":"https:\/\/cappellamediterranea.com\/en\/wp-json\/wp\/v2\/types\/post-discographie"}],"version-history":[{"count":0,"href":"https:\/\/cappellamediterranea.com\/en\/wp-json\/wp\/v2\/post-discographie\/8624\/revisions"}],"wp:featuredmedia":[{"embeddable":true,"href":"https:\/\/cappellamediterranea.com\/en\/wp-json\/wp\/v2\/media\/7584"}],"wp:attachment":[{"href":"https:\/\/cappellamediterranea.com\/en\/wp-json\/wp\/v2\/media?parent=8624"}],"wp:term":[{"taxonomy":"post_tag","embeddable":true,"href":"https:\/\/cappellamediterranea.com\/en\/wp-json\/wp\/v2\/tags?post=8624"},{"taxonomy":"categorie-discographie","embeddable":true,"href":"https:\/\/cappellamediterranea.com\/en\/wp-json\/wp\/v2\/categorie-discographie?post=8624"}],"curies":[{"name":"wp","href":"https:\/\/api.w.org\/{rel}","templated":true}]}}