{"id":9997,"date":"2023-01-14T15:43:21","date_gmt":"2023-01-14T14:43:21","guid":{"rendered":"https:\/\/cappellamediterranea.com\/production\/vivaldi-vespers-for-saint-marc-of-venise\/"},"modified":"2024-03-27T11:47:06","modified_gmt":"2024-03-27T10:47:06","slug":"vivaldi-vespers-for-saint-marc-of-venise","status":"publish","type":"post-concert","link":"https:\/\/cappellamediterranea.com\/en\/production\/vivaldi-vespers-for-saint-marc-of-venise\/","title":{"rendered":"Vivaldi, Vespers for Saint Marc of Venise"},"content":{"rendered":"\n<div class=\"wp-block-columns is-layout-flex wp-container-core-columns-is-layout-28f84493 wp-block-columns-is-layout-flex\">\n<div class=\"wp-block-column is-layout-flow wp-block-column-is-layout-flow\" style=\"flex-basis:50%\">\n<figure class=\"wp-block-image size-large is-resized\"><img loading=\"lazy\" decoding=\"async\" width=\"1024\" height=\"871\" src=\"https:\/\/cappellamediterranea.com\/wp-content\/uploads\/\/Vivaldi_san_marco_repet_LEO_RcGabriel_Balaguera-3-1024x871.jpg\" alt=\"\" class=\"wp-image-9981\" style=\"aspect-ratio:1.1756601607347876;width:638px;height:auto\" srcset=\"https:\/\/cappellamediterranea.com\/wp-content\/uploads\/Vivaldi_san_marco_repet_LEO_RcGabriel_Balaguera-3-1024x871.jpg 1024w, https:\/\/cappellamediterranea.com\/wp-content\/uploads\/Vivaldi_san_marco_repet_LEO_RcGabriel_Balaguera-3-300x255.jpg 300w, https:\/\/cappellamediterranea.com\/wp-content\/uploads\/Vivaldi_san_marco_repet_LEO_RcGabriel_Balaguera-3-768x653.jpg 768w, https:\/\/cappellamediterranea.com\/wp-content\/uploads\/Vivaldi_san_marco_repet_LEO_RcGabriel_Balaguera-3-1536x1306.jpg 1536w, https:\/\/cappellamediterranea.com\/wp-content\/uploads\/Vivaldi_san_marco_repet_LEO_RcGabriel_Balaguera-3-2048x1741.jpg 2048w\" sizes=\"auto, (max-width: 1024px) 100vw, 1024px\" \/><\/figure>\n<\/div>\n\n\n\n<div class=\"wp-block-column is-vertically-aligned-top is-layout-flow wp-block-column-is-layout-flow\" style=\"padding-top:0;padding-right:0;padding-bottom:0;padding-left:0;flex-basis:50%\">\n<h2 class=\"wp-block-heading\">Sacred music with Vivaldi<\/h2>\n\n\n\n<p>Antonio Vivaldi wrote a number of motets for the office of Vespers, which was one of the most important in Venice, and for which Monteverdi left the first musical masterpiece. Some of these works are traditionally bravura pieces, such as the <em>Dixit Dominus<\/em> and the <em>Magnificat<\/em>, in which Vivaldi displays inventiveness, virtuosity and monumentality: their performers must have been the best in Venice. The organisation of the motets presented here reconstitutes an office of Vespers as Vivaldi might have presented it at San Marco, for the feast of Saint Mark, Patron Saint of Venice: the sumptuousness of Venetian ceremonies can be heard in full force, in the echo of the Basilica&#8217;s vaults and domes, but also its precious marble and gilded mosaics. Leonardo Garc\u00eda Alarc\u00f3n recaptures this flamboyance in an extraordinary reconstruction, with a festive dimension befitting the Serenissima&#8230;<\/p>\n<\/div>\n<\/div>\n\n<div class=\"wp-block-columns is-layout-flex wp-container-core-columns-is-layout-28f84493 wp-block-columns-is-layout-flex\">\n<div class=\"wp-block-column is-vertically-aligned-bottom is-layout-flow wp-block-column-is-layout-flow\">\n<div class=\"wp-block-columns is-layout-flex wp-container-core-columns-is-layout-28f84493 wp-block-columns-is-layout-flex\">\n<div class=\"wp-block-column is-layout-flow wp-block-column-is-layout-flow\" style=\"flex-basis:50%\">\n<section class=\"container citation-presse\">\n    <h2><\/h2>\n    <div class=\"swiper-citation-presse\">\n        <div class=\"swiper-wrapper\">\n                            <div class=\"swiper-slide\">\n                                            <div class=\"content-jacket\">\n                            <img decoding=\"async\" class=\"jacket\" src=\"https:\/\/cappellamediterranea.com\/wp-content\/uploads\/Radio_Classique_logo_2014.png\" alt=\"\" \/>\n                        <\/div>\n                                        <p class=\"citation\">&#8220;C\u2019est dans\u00a0le somptueux \u00e9crin de la Chapelle Royale du Ch\u00e2teau de Versailles que vont r\u00e9sonner quelques-unes\u00a0des plus belles pi\u00e8ces sacr\u00e9es de Vivaldi. \u00c0 la t\u00eate de Cappella Mediterranea et du Ch\u0153ur de Chambre de Namur, Leonardo Garc\u00eda Alarc\u00f3n a ainsi imagin\u00e9 un office de V\u00eapres\u00a0pour l\u2019\u00e9glise San Marco de Venise \u00e0 partir de quatre motets de Vivaldi, qui m\u00ealent virtuosit\u00e9, \u00e9clat, magnificence et int\u00e9riorit\u00e9 : le Dixit Dominus, le Confitebor titbi Domine, le Beatus Viret et le Magnificat.&#8221;<\/p>\n                    <p class=\"auteur\">Jean Michel Dhuez &#8211; Radio Classique, 2023<\/p>\n                <\/div>\n                            <div class=\"swiper-slide\">\n                                            <div class=\"content-jacket\">\n                            <img decoding=\"async\" class=\"jacket\" src=\"https:\/\/cappellamediterranea.com\/wp-content\/uploads\/Logo-transparent.png\" alt=\"\" \/>\n                        <\/div>\n                                        <p class=\"citation\">&#8220;D\u00e8s les premi\u00e8res secondes du Dixit Dominus, un \u00e9lan formidable et\r\nredoutable qui emm\u00e8ne le public dans un tourbillon d\u2019\u00e9motions. Qui\r\ncapte imm\u00e9diatement l\u2019attention. Qui offre une \u00e9nergie salvatrice alors\r\nque, dehors, les \u00e9l\u00e9ments se d\u00e9cha\u00eenent.&#8221;<\/p>\n                    <p class=\"auteur\">Ga\u00eblle Moury &#8211; Le Soir, 2023<\/p>\n                <\/div>\n                            <div class=\"swiper-slide\">\n                                            <div class=\"content-jacket\">\n                            <img decoding=\"async\" class=\"jacket\" src=\"https:\/\/cappellamediterranea.com\/wp-content\/uploads\/logo-olyrix.png\" alt=\"\" \/>\n                        <\/div>\n                                        <p class=\"citation\">&#8220;La pr\u00e9cision et l\u2019exigence bienveillante de Leonardo Garc\u00eda Alarc\u00f3n \u2013qui dirige activement depuis son clavecin avec un sourire que le spectateur devine m\u00eame dos tourn\u00e9\u2013 permettent des passages en contrepoint construits et pleinement \u00e9quilibr\u00e9s, sublimant les phrases finales syst\u00e9matiques.&#8221;<\/p>\n                    <p class=\"auteur\">Emmanuel Deroeux &#8211; Olyrix, 2023<\/p>\n                <\/div>\n                    <\/div>\n    <\/div>\n\n    <div class=\"citation-navigation\">\n        <div class=\"swiper-citation-presse-button-prev\"><\/div>\n        <div class=\"swiper-citation-presse-button-next\"><\/div>\n    <\/div>\n<\/section><\/div>\n\n\n\n<div class=\"wp-block-column is-layout-flow wp-block-column-is-layout-flow\" style=\"flex-basis:50%\">\n<figure class=\"wp-block-embed is-type-video is-provider-youtube wp-block-embed-youtube wp-embed-aspect-16-9 wp-has-aspect-ratio\" style=\"margin-top:0;margin-bottom:0\"><div class=\"wp-block-embed__wrapper\">\n<iframe loading=\"lazy\" title=\"Vespro a San Marco Vivaldi\" width=\"500\" height=\"281\" src=\"https:\/\/www.youtube.com\/embed\/SWUiY4_geCE?feature=oembed\" frameborder=\"0\" allow=\"accelerometer; autoplay; clipboard-write; encrypted-media; gyroscope; picture-in-picture; web-share\" referrerpolicy=\"strict-origin-when-cross-origin\" allowfullscreen><\/iframe>\n<\/div><\/figure>\n<\/div>\n<\/div>\n<\/div>\n<\/div>\n\n<div class=\"wp-block-columns is-layout-flex wp-container-core-columns-is-layout-28f84493 wp-block-columns-is-layout-flex\">\n<div class=\"wp-block-column is-layout-flow wp-block-column-is-layout-flow\">\n<h2 class=\"wp-block-heading\">Program<\/h2>\n\n\n\n<p><strong>Antonio Vivaldi<\/strong> (1678 \u2013 1741)<br\/><strong>Vespers for Saint Marc of Venise<\/strong><\/p>\n\n\n\n<p>Dixit Dominus<br\/>Confitebor Tibi \u2013 Beatus Vir<br\/>Laetatus sum<br\/>Magnificat<\/p>\n\n\n\n<div class=\"wp-block-columns is-layout-flex wp-container-core-columns-is-layout-328c6305 wp-block-columns-is-layout-flex\" style=\"padding-top:var(--wp--preset--spacing--30)\">\n<div class=\"wp-block-column is-layout-flow wp-block-column-is-layout-flow\" style=\"flex-basis:100%\">\n<a class=\"link-default link-center link-circle\" href=\"https:\/\/cappellamediterranea.com\/en\/productions\/\">\n    <div class=\"content-circle\">\n        <div class=\"circle\"><\/div>\n    <\/div>\n    <span class=\"title\">\n        See our other productions    <\/span>\n<\/a>\n\n<\/div>\n<\/div>\n<\/div>\n\n\n\n<div class=\"wp-block-column is-layout-flow wp-block-column-is-layout-flow\">\n<h2 class=\"wp-block-heading\">Artists<\/h2>\n\n\n\n<p><strong>Mariana Flores<\/strong>, Soprano<br\/><strong>Sophie Junker<\/strong>, Soprano<br\/><strong>Dara Savinova<\/strong>, Alto<br\/><strong>Valerio Contaldo<\/strong>, Tenor<br\/><strong>Alejandro Meerpfel<\/strong>, Baritone<\/p>\n\n\n\n<p><strong>Millenium Orchestra<\/strong><br\/><strong>Ch\u0153ur de Chambre de Namur<\/strong><br\/><strong>Cappella Mediterranea<\/strong>, continuo<\/p>\n\n\n\n<p><strong>Leonardo Garc\u00eda Alarc\u00f3n<\/strong>, Artistic Director<\/p>\n<\/div>\n<\/div>\n\n<section class=\"container\">\n\n\n\n    \n        <h2 class=\"titre-secondaire-basic\">Prochaines dates<\/h2>\n\n                    <div class=\"liste-concert\">\n                            <\/div>\n        \n    \n<\/section>","protected":false},"excerpt":{"rendered":"Leonardo Garcia Alarcon has thus imagined a Vespers service for the San Marco church in Venice, based on four motets by Vivaldi, which combine virtuosity, brilliance, magnificence and interiority: the Dixit Dominus, the Confitebor titbi Domine, the Beatus Viret and the Magnificat&#8221;.","protected":false},"featured_media":9985,"parent":0,"menu_order":0,"template":"","meta":{"_acf_changed":false},"tags":[],"categorie-production":[62],"class_list":["post-9997","post-concert","type-post-concert","status-publish","has-post-thumbnail","hentry","categorie-production-large-scale-concert"],"acf":{"concerts":[{"date":"2023-01-14 21:00:00","lieu":"Versailles, France","salle_de_concert":"The Royal Chapel of Versailles","lien_de_la_billetterie":""},{"date":"2023-01-19 20:00:00","lieu":"Namur, Belgium","salle_de_concert":"Namur Concert Hall - Grand Man\u00e8ge","lien_de_la_billetterie":""},{"date":"2023-01-20 20:00:00","lieu":"Antwerp, Belgium","salle_de_concert":"Die Singel - Blauwe zaal","lien_de_la_billetterie":""},{"date":"2023-01-21 20:00:00","lieu":"Gand, Belgium","salle_de_concert":"Muziekcentrum De Bijloke","lien_de_la_billetterie":""}]},"_links":{"self":[{"href":"https:\/\/cappellamediterranea.com\/en\/wp-json\/wp\/v2\/post-concert\/9997","targetHints":{"allow":["GET"]}}],"collection":[{"href":"https:\/\/cappellamediterranea.com\/en\/wp-json\/wp\/v2\/post-concert"}],"about":[{"href":"https:\/\/cappellamediterranea.com\/en\/wp-json\/wp\/v2\/types\/post-concert"}],"version-history":[{"count":0,"href":"https:\/\/cappellamediterranea.com\/en\/wp-json\/wp\/v2\/post-concert\/9997\/revisions"}],"wp:featuredmedia":[{"embeddable":true,"href":"https:\/\/cappellamediterranea.com\/en\/wp-json\/wp\/v2\/media\/9985"}],"wp:attachment":[{"href":"https:\/\/cappellamediterranea.com\/en\/wp-json\/wp\/v2\/media?parent=9997"}],"wp:term":[{"taxonomy":"post_tag","embeddable":true,"href":"https:\/\/cappellamediterranea.com\/en\/wp-json\/wp\/v2\/tags?post=9997"},{"taxonomy":"categorie-production","embeddable":true,"href":"https:\/\/cappellamediterranea.com\/en\/wp-json\/wp\/v2\/categorie-production?post=9997"}],"curies":[{"name":"wp","href":"https:\/\/api.w.org\/{rel}","templated":true}]}}