{"id":9489,"date":"2024-03-21T12:28:11","date_gmt":"2024-03-21T11:28:11","guid":{"rendered":"https:\/\/cappellamediterranea.com\/production\/opus-infinitum\/"},"modified":"2025-06-06T14:18:51","modified_gmt":"2025-06-06T12:18:51","slug":"opus-infinitum","status":"publish","type":"post-concert","link":"https:\/\/cappellamediterranea.com\/en\/production\/opus-infinitum\/","title":{"rendered":"Opus Infinitum"},"content":{"rendered":"\n<div class=\"wp-block-columns is-layout-flex wp-container-core-columns-is-layout-615a5165 wp-block-columns-is-layout-flex\" style=\"padding-top:var(--wp--preset--spacing--60);padding-right:var(--wp--preset--spacing--60);padding-bottom:0;padding-left:var(--wp--preset--spacing--60)\">\n<div class=\"wp-block-column is-layout-flow wp-block-column-is-layout-flow\" style=\"flex-basis:50%\">\n<figure class=\"wp-block-image size-full\"><img loading=\"lazy\" decoding=\"async\" width=\"950\" height=\"633\" src=\"https:\/\/cappellamediterranea.com\/wp-content\/uploads\/Opus_Infinitum-Alexandra-Syskova-4.jpg\" alt=\"\" class=\"wp-image-12825\" srcset=\"https:\/\/cappellamediterranea.com\/wp-content\/uploads\/Opus_Infinitum-Alexandra-Syskova-4.jpg 950w, https:\/\/cappellamediterranea.com\/wp-content\/uploads\/Opus_Infinitum-Alexandra-Syskova-4-300x200.jpg 300w, https:\/\/cappellamediterranea.com\/wp-content\/uploads\/Opus_Infinitum-Alexandra-Syskova-4-768x512.jpg 768w\" sizes=\"auto, (max-width: 950px) 100vw, 950px\" \/><\/figure>\n<\/div>\n\n\n\n<div class=\"wp-block-column is-layout-constrained wp-block-column-is-layout-constrained\" style=\"flex-basis:50%\">\n<h2 class=\"wp-block-heading\">Bach versus Haendel<\/h2>\n\n\n\n<p>Here, Leonardo Garc\u00eda-Alarc\u00f3n presents a pastiche, an assemblage of pieces from the works of Bach and Handel, often paired together to mirror instrumental melodies or complementary texts, sometimes in different languages. These associations allow us to navigate from one musical universe to another, in subtle and sometimes surprising ways, exploring the correspondences and differences between the two composers, who were born in the same year, in the same region, and yet never knew each other.<\/p>\n\n\n\n<p>This alternation between the oratorios of one composer and the cantatas of the other, or between the concerti of these two monuments of Baroque music, is astonishing in the way the melodic lines respond to each other with obvious ease and harmonic logic.<\/p>\n<\/div>\n<\/div>\n\n<div class=\"wp-block-columns is-layout-flex wp-container-core-columns-is-layout-28f84493 wp-block-columns-is-layout-flex\">\n<div class=\"wp-block-column is-layout-flow wp-block-column-is-layout-flow\">\n<h2 class=\"wp-block-heading\">Program<\/h2>\n\n\n\n<p><strong><u>1 &#8211; Stile antico<\/u><\/strong><\/p>\n\n\n\n<p>HANDEL &#8211; \u00ab Egypt was glad when they departed \u00bb<br\/>Chorus from the oratorio <em>Israel in Egypt<\/em>, HWV 54 (Exodus, XI)<\/p>\n\n\n\n<p>BACH \u2013 \u00ab Nimm von uns Herr, du treuer Gott \u00bb<br\/>Chorus from the cantata <em>Nimm von uns Herr, du treuer Gott<\/em>, BWV 101<\/p>\n\n\n\n<p><strong><u>2 &#8211; Stylus symphonicus<\/u><\/strong><\/p>\n\n\n\n<p>BACH &#8211; Sinfonia<br\/>Excerpt from the cantata <em>Am Abend aber desselbigen Sabbats<\/em>, BWV 42<\/p>\n\n\n\n<p>HAENDEL \u2013 X. Allegro<br\/>Excerpt from Suite no. 1, X. HWV 348, <em>Watermusic<\/em><\/p>\n\n\n\n<p>Excerpt from Concerto for oboe and strings in F major, BWV 1053<\/p>\n\n\n\n<p><strong><u>3 \u2013 Orpheus &amp; Euridice<\/u><\/strong><\/p>\n\n\n\n<p>BACH \u2013 II. Affettuoso, <em>Concerto Brandebourgeois<\/em> n\u00b0 5 BWV 1050 \u2013 on a text from the libretto of <em>Orpheus<\/em> by Georg Philip Telemann <\/p>\n\n\n\n<p><strong><u>4 \u2013 Il madrigale concertato<\/u><\/strong><\/p>\n\n\n\n<p>HANDEL &#8211; Wretched lovers!<br\/>Chorus from the opera <em>Acis and Galatea<\/em>, HWV 49<\/p>\n\n\n\n<p>BACH &#8211; \u00ab Es ist ein trotzig und verzagt Ding \u00bb<br\/>Chorus from the cantata <em>Es ist ein trotz<\/em><\/p>\n\n\n\n<p><strong><u>5 &#8211; Stylus gravis<\/u><\/strong><\/p>\n\n\n\n<p>BACH \u2013 \u00ab Ich elender Mensch, wer wird mich erl\u00f6sen \u00bb<br\/>Chorus from the cantata <em>Ich elender Mensch, wer wird mich erl\u00f6sen<\/em>, BWV 48<\/p>\n\n\n\n<p>HANDEL \u2013 \u00ab Mourn, all ye Muses \u00bb<br\/>Chorus from the opera <em>Acis and Galatea<\/em>, HWV 49<\/p>\n\n\n\n<p><strong><u>6 &#8211; Cantata italiana<\/u><\/strong><\/p>\n\n\n\n<p>BACH &#8211; \u00ab Parti pur, e con dolore \u00bb<br\/>Excerpt from the cantata <em>Non sa che sia dolore<\/em>, BWV 209<\/p>\n\n\n\n<p>HANDEL \u2013 \u00ab Ah crudele! E pur ten\u2019 vai \u00bb<br\/>Excerpt from the cantata <em>Armida abbandonata<\/em>, HWV 105<\/p>\n\n\n\n<p><strong><u>7 &#8211; Passion duettos<\/u><\/strong><\/p>\n\n\n\n<p>HANDEL \u2013 \u00ab Soll mein Kind \u00bb<br\/>Duo from <em>Brockes-passion<\/em>, HWV 48<\/p>\n\n\n\n<p>BACH \u2013 \u00ab So ist mein Jesu \u00bb<br\/>Duo from the <em>St Matthew Passion<\/em>, BWV 244<\/p>\n\n\n\n<p>BACH &#8211; \u00ab Himmel Rei\u00dfe \u00bb<br\/>Aria and chorale from the <em>St John Passion<\/em>, BWV 245 (1725 version)<\/p>\n\n\n\n<p>INTERMISSION<\/p>\n\n\n\n<p><strong><u>8 &#8211; Durezze e stravaganze armoniche<\/u><\/strong><\/p>\n\n\n\n<p>HANDEL &#8211; \u00ab He sent a thick darkness \u00bb<br\/>Chorus from the oratorio <em>Israel in Egypt<\/em>, HWV 54 (Exodus, VII)<\/p>\n\n\n\n<p>BACH \u2013 \u00ab Es kommt aber die Zeit \u00bb<br\/>Chorus from cantate <em>Sie werden euch in den Bann tun<\/em>, BWV 44<\/p>\n\n\n\n<p><strong><u>9 &#8211; Fugati canonici in stile dramatico<\/u><\/strong><\/p>\n\n\n\n<p>HANDEL \u2013 \u00ab He smote all the first born of Egypt \u00bb<br\/>Chorus from the oratorio <em>Israel in Egypte<\/em>, HWV 54 (Exodus, VIII)<\/p>\n\n\n\n<p>BACH \u2013 \u00ab Herr, gehe nicht ins Gericht mit deinem Knecht \u00bb<br\/>Chorus from the cantata <em>Herr, gehe nicht ins Gericht mit deinem Knecht<\/em>, BWV 105<\/p>\n\n\n\n<p><strong><u>10 &#8211; Funeral music<\/u><\/strong><\/p>\n\n\n\n<p>BACH \u2013 \u00ab An dir, du F\u00fcrbild grosser Frauen \u00bb<br\/>Chorus from the cantata <em>La\u00df, F\u00fcrstin, la\u00df noch einen Strahl<\/em>, BWV 198<\/p>\n\n\n\n<p>HANDEL \u2013 \u00ab The way of Zion do mourn \u00bb<br\/>Chorus from the <em>Funeral anthem for Queen Caroline<\/em>, HWV 264<\/p>\n\n\n\n<p>BACH \u2013 \u00ab Ich harre des Herrn \u00bb<br\/>Chorus chorus from the cantata <em>Aus der Tiefen rufe ich, Herr, zu dir<\/em>, BWV 131<\/p>\n\n\n\n<p><strong><u>11 &#8211; Lamentos de Espa\u00f1a<\/u><\/strong><\/p>\n\n\n\n<p>HANDEL \u2013 \u00ab No se emendar\u00e1 jam\u00e1s \u00bb<br\/>Excerpt from <em>Cantata Spagnola<\/em>, HWV 140<\/p>\n\n\n\n<p>BACH \u2013 \u00ab Unser trefflicher \u00bb &#8211; Folia<br\/>Aria and chorus from the cantata <em>Mer hahn en neue oberkeet<\/em>, BWV 212<\/p>\n\n\n\n<p><strong><u>12 &#8211; Allein zu dir, herr Jesu Christ, Hallelujah<\/u><\/strong><\/p>\n\n\n\n<p>HANDEL \u2013 \u00ab Hallelujah! \u00bb<br\/>Chorus from the oratorio <em>Messiah<\/em>, HWV 56<\/p>\n\n\n\n<p>BACH \u2013 \u00ab Allein zu dir, Herr Jesu Christ \u00bb<br\/>Chorus from the cantata <em>Allein zu dir, Herr Jesu Christ<\/em>, BWV 33<\/p>\n<\/div>\n\n\n\n<div class=\"wp-block-column is-layout-flow wp-block-column-is-layout-flow\">\n<h2 class=\"wp-block-heading\">Cast<\/h2>\n\n\n\n<p><strong>Elizaveta Sveshnikova,<\/strong> (Namur, april 2024) <strong>\/ Ana Vieira Leite <\/strong>(Ambronay &amp; Geneva, sept. 2024), soprano<br\/><strong>Hugh Cutting <\/strong>(Namur, april 2024) <strong>\/ Loga Lopez Gonzalez <\/strong>(Ambronay &amp; Geneva, sept. 2024) countertenor<br\/><strong>Guy Cutting <\/strong>(Namur, april 2024) <strong><strong>\/ Samuel Boden <\/strong><\/strong>(Ambronay &amp; Geneva, sept. 2024), tenor<br\/><strong>Adrien Fournaison, <\/strong>bass<\/p>\n\n\n\n<p>Musical direction | <strong>Leonardo Garc\u00eda-Alarc\u00f3n<\/strong><br\/><strong>Ch\u0153ur de Chambre de Namur<\/strong><br\/><strong>Cappella Mediterranea<\/strong><\/p>\n\n\n\n<p> <\/p>\n\n\n\n<p> <\/p>\n\n\n\n<p> <\/p>\n\n\n\n<p> <\/p>\n\n\n\n<p> <\/p>\n\n\n\n<figure class=\"wp-block-image size-large\"><img loading=\"lazy\" decoding=\"async\" width=\"1024\" height=\"683\" src=\"https:\/\/cappellamediterranea.com\/wp-content\/uploads\/\/Opus_Infinitum-Alexandra-Syskova-1-1024x683.jpg\" alt=\"\" class=\"wp-image-12828\" srcset=\"https:\/\/cappellamediterranea.com\/wp-content\/uploads\/Opus_Infinitum-Alexandra-Syskova-1-1024x683.jpg 1024w, https:\/\/cappellamediterranea.com\/wp-content\/uploads\/Opus_Infinitum-Alexandra-Syskova-1-300x200.jpg 300w, https:\/\/cappellamediterranea.com\/wp-content\/uploads\/Opus_Infinitum-Alexandra-Syskova-1-768x512.jpg 768w, https:\/\/cappellamediterranea.com\/wp-content\/uploads\/Opus_Infinitum-Alexandra-Syskova-1-1536x1024.jpg 1536w, https:\/\/cappellamediterranea.com\/wp-content\/uploads\/Opus_Infinitum-Alexandra-Syskova-1.jpg 1800w\" sizes=\"auto, (max-width: 1024px) 100vw, 1024px\" \/><\/figure>\n\n\n\n<p> <\/p>\n\n\n\n<p> <\/p>\n\n\n\n<p> <\/p>\n\n\n\n<p> <\/p>\n\n\n\n<figure class=\"wp-block-image size-large\"><img loading=\"lazy\" decoding=\"async\" width=\"1024\" height=\"683\" src=\"https:\/\/cappellamediterranea.com\/wp-content\/uploads\/\/Opus_Infinitum-Alexandra-Syskova-22-1024x683.jpg\" alt=\"\" class=\"wp-image-12844\" srcset=\"https:\/\/cappellamediterranea.com\/wp-content\/uploads\/Opus_Infinitum-Alexandra-Syskova-22-1024x683.jpg 1024w, https:\/\/cappellamediterranea.com\/wp-content\/uploads\/Opus_Infinitum-Alexandra-Syskova-22-300x200.jpg 300w, https:\/\/cappellamediterranea.com\/wp-content\/uploads\/Opus_Infinitum-Alexandra-Syskova-22-768x512.jpg 768w, https:\/\/cappellamediterranea.com\/wp-content\/uploads\/Opus_Infinitum-Alexandra-Syskova-22.jpg 1200w\" sizes=\"auto, (max-width: 1024px) 100vw, 1024px\" \/><\/figure>\n<\/div>\n<\/div>\n\n<section class=\"container\">\n\n\n\n    \n        <h2 class=\"titre-secondaire-basic\">Prochaines dates<\/h2>\n\n                    <div class=\"liste-concert\">\n                            <\/div>\n        \n    \n<\/section>\n<div style=\"height:25px\" aria-hidden=\"true\" class=\"wp-block-spacer\"><\/div>\n\n<div class=\"wp-block-group is-layout-constrained wp-block-group-is-layout-constrained\">\n<figure class=\"wp-block-image aligncenter size-large is-resized\"><img loading=\"lazy\" decoding=\"async\" width=\"1024\" height=\"168\" src=\"https:\/\/cappellamediterranea.com\/wp-content\/uploads\/\/Version-noire-1-1024x168.png\" alt=\"\" class=\"wp-image-10046\" style=\"width:400px\" srcset=\"https:\/\/cappellamediterranea.com\/wp-content\/uploads\/Version-noire-1-1024x168.png 1024w, https:\/\/cappellamediterranea.com\/wp-content\/uploads\/Version-noire-1-300x49.png 300w, https:\/\/cappellamediterranea.com\/wp-content\/uploads\/Version-noire-1-768x126.png 768w, https:\/\/cappellamediterranea.com\/wp-content\/uploads\/Version-noire-1-1536x251.png 1536w, https:\/\/cappellamediterranea.com\/wp-content\/uploads\/Version-noire-1-2048x335.png 2048w\" sizes=\"auto, (max-width: 1024px) 100vw, 1024px\" \/><\/figure>\n<\/div>\n\n<div class=\"wp-block-columns is-layout-flex wp-container-core-columns-is-layout-28f84493 wp-block-columns-is-layout-flex\">\n<div class=\"wp-block-column is-layout-flow wp-block-column-is-layout-flow\">\n<div class=\"wp-block-columns is-layout-flex wp-container-core-columns-is-layout-28f84493 wp-block-columns-is-layout-flex\">\n<div class=\"wp-block-column is-layout-flow wp-block-column-is-layout-flow\">\n<p><\/p>\n<\/div>\n<\/div>\n<\/div>\n<\/div>\n\n<div class=\"wp-block-columns is-layout-flex wp-container-core-columns-is-layout-ef350914 wp-block-columns-is-layout-flex\" style=\"padding-top:var(--wp--preset--spacing--30);padding-bottom:var(--wp--preset--spacing--30)\">\n<div class=\"wp-block-column is-layout-flow wp-block-column-is-layout-flow\" style=\"flex-basis:100%\">\n<a class=\"link-default link-center link-circle\" href=\"https:\/\/cappellamediterranea.com\/productions\/\">\n    <div class=\"content-circle\">\n        <div class=\"circle\"><\/div>\n    <\/div>\n    <span class=\"title\">\n        Find out more about our other productions    <\/span>\n<\/a>\n\n<\/div>\n<\/div>\n    <section class=\"container album\">\n        <div class=\"full-bg-album\"><\/div>\n\n        \n            <div class=\"content-album\">\n\n                <h2>Namur &#8211; 21 avril 2024<\/h2>\n\n                                <div class=\"content-jacket\">\n                    <img decoding=\"async\" class=\"jacket\" data-album=\"galerie-album-0\" src=\"https:\/\/cappellamediterranea.com\/wp-content\/uploads\/Opus_Infinitum-Alexandra-Syskova-32.jpg\" alt=\"\" \/>\n                <\/div>\n                \n                <div class=\"galerie-album galerie-album-0\">\n                    <div class=\"header-close\">\n                        <div class=\"btn-close\"><\/div>\n                    <\/div>\n                    <div class=\"swiper-album\">\n                        <div class=\"swiper-wrapper\">\n\n                                                            <div class=\"swiper-slide\">\n                                    <img decoding=\"async\" src=\"https:\/\/cappellamediterranea.com\/wp-content\/uploads\/Opus_Infinitum-Alexandra-Syskova-11.jpg\"   title=\"Opus_Infinitum Alexandra Syskova-11\"  loading=\"lazy\">\n                                    <div class=\"description\"><\/div>\n                                <\/div>\n                                                            <div class=\"swiper-slide\">\n                                    <img decoding=\"async\" src=\"https:\/\/cappellamediterranea.com\/wp-content\/uploads\/Opus_Infinitum-Alexandra-Syskova-64.jpg\"   title=\"Opus_Infinitum Alexandra Syskova-64\"  loading=\"lazy\">\n                                    <div class=\"description\"><\/div>\n                                <\/div>\n                                                            <div class=\"swiper-slide\">\n                                    <img decoding=\"async\" src=\"https:\/\/cappellamediterranea.com\/wp-content\/uploads\/Opus_Infinitum-Alexandra-Syskova-39.jpg\"   title=\"Opus_Infinitum Alexandra Syskova-39\"  loading=\"lazy\">\n                                    <div class=\"description\"><\/div>\n                                <\/div>\n                                                            <div class=\"swiper-slide\">\n                                    <img decoding=\"async\" src=\"https:\/\/cappellamediterranea.com\/wp-content\/uploads\/Opus_Infinitum-Alexandra-Syskova-28.jpg\"   title=\"Opus_Infinitum Alexandra Syskova-28\"  loading=\"lazy\">\n                                    <div class=\"description\"><\/div>\n                                <\/div>\n                                                            <div class=\"swiper-slide\">\n                                    <img decoding=\"async\" src=\"https:\/\/cappellamediterranea.com\/wp-content\/uploads\/Opus_Infinitum-Alexandra-Syskova-41.jpg\"   title=\"Opus_Infinitum Alexandra Syskova-41\"  loading=\"lazy\">\n                                    <div class=\"description\"><\/div>\n                                <\/div>\n                            \n                        <\/div>\n                    <\/div>\n                    <div class=\"navigation-album\">\n                        <div class=\"swiper-album-button-prev\"><\/div>\n                        <div class=\"swiper-album-button-next\"><\/div>\n                    <\/div>\n                <\/div>\n\n            <\/div>\n\n            <\/section>\n\n","protected":false},"excerpt":{"rendered":"A selection of works by two great composers who were born in the same year in the same region, but who never knew each other.\nA journey through the universe of each composer&#8217;s musical forms: cantata, oratorio, motet, organ concerto, concerto grosso, arias in the Italian style, and a reconstruction of each composer&#8217;s organ improvisations. ","protected":false},"featured_media":9486,"parent":0,"menu_order":0,"template":"","meta":{"_acf_changed":false},"tags":[],"categorie-production":[62],"class_list":["post-9489","post-concert","type-post-concert","status-publish","has-post-thumbnail","hentry","categorie-production-large-scale-concert"],"acf":{"concerts":[{"date":"2024-04-21 16:00:00","lieu":"Namur, Belgium","salle_de_concert":"\u00c9glise de Saint-Loup","lien_de_la_billetterie":"https:\/\/grandmanege.be\/fr\/concerts\/318-opus-infinitum-bach-handel"},{"date":"2024-09-28 20:30:00","lieu":"Ambronay, France","salle_de_concert":"Festival d'Ambronay, Abbatiale","lien_de_la_billetterie":"https:\/\/festival.ambronay.org\/2024\/Representation-971\/Opus-infinitum-Haendel-vs-Bach.html"},{"date":"2024-09-29 17:00:00","lieu":"Geneva, Switzerland","salle_de_concert":"La Cit\u00e9 Bleue","lien_de_la_billetterie":"https:\/\/lacitebleue.ch\/evenement\/bach-haendel-opus-infinitum\/"}]},"_links":{"self":[{"href":"https:\/\/cappellamediterranea.com\/en\/wp-json\/wp\/v2\/post-concert\/9489","targetHints":{"allow":["GET"]}}],"collection":[{"href":"https:\/\/cappellamediterranea.com\/en\/wp-json\/wp\/v2\/post-concert"}],"about":[{"href":"https:\/\/cappellamediterranea.com\/en\/wp-json\/wp\/v2\/types\/post-concert"}],"version-history":[{"count":0,"href":"https:\/\/cappellamediterranea.com\/en\/wp-json\/wp\/v2\/post-concert\/9489\/revisions"}],"wp:featuredmedia":[{"embeddable":true,"href":"https:\/\/cappellamediterranea.com\/en\/wp-json\/wp\/v2\/media\/9486"}],"wp:attachment":[{"href":"https:\/\/cappellamediterranea.com\/en\/wp-json\/wp\/v2\/media?parent=9489"}],"wp:term":[{"taxonomy":"post_tag","embeddable":true,"href":"https:\/\/cappellamediterranea.com\/en\/wp-json\/wp\/v2\/tags?post=9489"},{"taxonomy":"categorie-production","embeddable":true,"href":"https:\/\/cappellamediterranea.com\/en\/wp-json\/wp\/v2\/categorie-production?post=9489"}],"curies":[{"name":"wp","href":"https:\/\/api.w.org\/{rel}","templated":true}]}}