{"id":9210,"date":"2021-11-18T11:59:16","date_gmt":"2021-11-18T10:59:16","guid":{"rendered":"https:\/\/cappellamediterranea.com\/production\/rebirth\/"},"modified":"2023-12-03T11:19:24","modified_gmt":"2023-12-03T10:19:24","slug":"rebirth","status":"publish","type":"post-concert","link":"https:\/\/cappellamediterranea.com\/en\/production\/rebirth\/","title":{"rendered":"Rebirth"},"content":{"rendered":"\n<div class=\"wp-block-columns is-layout-flex wp-container-core-columns-is-layout-28f84493 wp-block-columns-is-layout-flex\">\n<div class=\"wp-block-column is-layout-flow wp-block-column-is-layout-flow\" style=\"flex-basis:50%\">\n<figure class=\"wp-block-image size-large\"><img decoding=\"async\" src=\"http:\/\/cappellamediterranea.com\/wp-content\/uploads\/&#xA9;Michel-Juvet-Geneve-Rebirth-3-1024x683.jpg\" alt=\"Sonya Yoncheva, Leonardo Garc&#xED;a Alarc&#xF3;n, Gen&#xE8;ve, Cappella Mediterranea\" class=\"wp-image-4885\"\/><\/figure>\n<\/div>\n\n\n\n<div class=\"wp-block-column is-vertically-aligned-top is-layout-flow wp-block-column-is-layout-flow\" style=\"padding-top:0;padding-right:0;padding-bottom:0;padding-left:0;flex-basis:50%\">\n<h4 class=\"wp-block-heading has-text-align-left\">A recital featuring works by Monteverdi, Cavalli, Strozzi, Stradella, Marin, Gibbons, Ferrabosco, Dowland and Leonardo Garc\u00eda Alarc\u00f3n. <\/h4>\n\n\n\n<p><em>&#8220;During the lockdown, Bulgarian soprano Sonya Yoncheva recorded \u201cRebirth\u201d with Leonardo Garc\u00eda Alarc\u00f3n and Cappella Mediterranea. The album brings together different centuries and styles, from Monteverdi to Spanish J\u00e1caras and English madrigals. It is a programme that tears down boundaries and reveals Yoncheva\u2019s passion for all kinds of music.&#8221;<\/em><\/p>\n\n\n\n<p><em><strong>St\u00e9phane Renard for L&#8217;Echo<\/strong><\/em><\/p>\n<\/div>\n<\/div>\n\n<div class=\"wp-block-columns is-layout-flex wp-container-core-columns-is-layout-28f84493 wp-block-columns-is-layout-flex\">\n<div class=\"wp-block-column is-layout-flow wp-block-column-is-layout-flow\">\n<h2 class=\"wp-block-heading\">A recital by Sonya Yoncheva<\/h2>\n\n\n\n<p>This project emerged from silence \u2013 not only the silence of live music during the global pandemic, but also the silence that precedes the birth of a new creation. Sonya Yoncheva came up with this project ten years ago, at the start of her career. She wanted to show listeners the relevance of Baroque music today. Around the same time, she met Leonardo Garc\u00eda Alarc\u00f3n at the Conservatoire de Gen\u00e8ve. When the coronavirus pandemic struck Europe in March 2020, they began a musical dialogue. The project developed organically. The singer would propose songs and the conductor would respond with suggestions of his own, drawing on his in-depth knowledge of the Baroque repertoire.<\/p>\n<\/div>\n\n\n\n<div class=\"wp-block-column is-vertically-aligned-center is-layout-flow wp-block-column-is-layout-flow\">\n<figure class=\"wp-block-embed is-type-video is-provider-youtube wp-block-embed-youtube wp-embed-aspect-16-9 wp-has-aspect-ratio\"><div class=\"wp-block-embed__wrapper\">\n<iframe loading=\"lazy\" title=\"Monteverdi, Oblivion Soave\" width=\"500\" height=\"281\" src=\"https:\/\/www.youtube.com\/embed\/Jy5VJhUf2gE?feature=oembed\" frameborder=\"0\" allow=\"accelerometer; autoplay; clipboard-write; encrypted-media; gyroscope; picture-in-picture; web-share\" referrerpolicy=\"strict-origin-when-cross-origin\" allowfullscreen><\/iframe>\n<\/div><\/figure>\n<\/div>\n<\/div>\n\n<div class=\"wp-block-columns is-layout-flex wp-container-core-columns-is-layout-28f84493 wp-block-columns-is-layout-flex\">\n<div class=\"wp-block-column is-layout-flow wp-block-column-is-layout-flow\">\n<h2 class=\"wp-block-heading\">Programme<\/h2>\n\n\n\n<p><strong>Alessandro Stradella<\/strong>, Queste lagrime e sospiri<br\/><strong>Claudio Monteverdi<\/strong>, O rosetta, che rosetta SV 237<br\/><strong>Francesco Cavalli<\/strong>, Ed \u00e8 pur vero, o core\u2026 Luci mie, voi che miraste<br\/><strong>Orlando Gibbons<\/strong>, The Silver Swan<br\/><strong>Claudio Monteverdi<\/strong>, Voglio di vita uscir<br\/><strong>Jos\u00e9 Mar\u00edn<\/strong>, Ojos, pues me desde\u00f1\u00e1is<br\/><strong>Leonardo Garc\u00eda Alarc\u00f3n<\/strong>, Y a tus plantas Nisea<br\/><strong>Sim\u00f3n D\u00edaz<\/strong>, Pasaje del olvido<br\/><strong>Bulgarian folk song<\/strong>, Zableyalo mi agance<br\/><strong>Francesco Cavalli<\/strong>, L&#8217;Egisto: Sinfonia della notte<br\/><strong>Claudio Monteverdi<\/strong>, Oblivion soave<br\/><strong>Barbara Strozzi<\/strong>, L&#8217;Eraclito amoroso<br\/><strong>Santiago de Murcia &amp; Diego Fern\u00e1ndez de Huete<\/strong>, Tarantela espa\u00f1ola<br\/><strong>Alfonso Ferrabosco II,<\/strong> Hear me, O God<br\/><strong>John Dowland<\/strong>, Come again, sweet love doth now invite<br\/><strong>Tom\u00e1s de Torrej\u00f3n y Velazco<\/strong>, No hay que decir el primor<br\/><strong>Abba<\/strong>, Like an Angel Passing Through My Room<\/p>\n\n\n\n<p><em>Performance running time: approx. 1 hour 15 minutes<br\/><\/em><br\/><\/p>\n<\/div>\n\n\n\n<div class=\"wp-block-column is-layout-flow wp-block-column-is-layout-flow\">\n<h2 class=\"wp-block-heading\">Artists<\/h2>\n\n\n\n<p><strong>Sonya Yoncheva<\/strong>, soprano<em><br\/><\/em><strong>Leonardo Garc\u00eda Alarc\u00f3n<\/strong>, musical direction, spinet, organ<\/p>\n\n\n\n<p><strong>Cappella Mediterranea<br\/>Amandine Solano &amp; Sue-Ying Koang<\/strong>,<em> <\/em>violins<em><br\/><\/em><strong>Rodrigo Rodrigo<\/strong>, cornet et flutes<em><br\/><\/em><strong>Diana Vinagre<\/strong>,<em> <\/em>cello<em><br\/><\/em><strong>Margaux Blanchard<\/strong>, viola da gamba<em><br\/><\/em><strong>Quito Gato<\/strong>,<em> <\/em>theorbo, guitar<em><br\/><\/em><strong>Monica Pustilnik<\/strong>, archlutes, guitar<em><br\/><\/em><strong>Marie Bournisien<\/strong>, harp<em> <br\/><\/em><strong>Eric Mathot<\/strong>, double bass<\/p>\n\n\n\n<a class=\"link-default link-center link-circle\" href=\"https:\/\/cappellamediterranea.com\/post-discographie\/disques-de-lga-2-2-3\/\">\n    <div class=\"content-circle\">\n        <div class=\"circle\"><\/div>\n    <\/div>\n    <span class=\"title\">\n        Album    <\/span>\n<\/a>\n\n<\/div>\n<\/div>\n\n<div class=\"wp-block-columns is-layout-flex wp-container-core-columns-is-layout-28f84493 wp-block-columns-is-layout-flex\">\n<div class=\"wp-block-column is-layout-flow wp-block-column-is-layout-flow\">\n<figure class=\"wp-block-gallery has-nested-images columns-default is-cropped wp-block-gallery-1 is-layout-flex wp-block-gallery-is-layout-flex\">\n<figure class=\"wp-block-image size-large\"><img decoding=\"async\" data-id=\"4889\" src=\"https:\/\/cappellamediterranea.com\/wp-content\/uploads\/Brescia-e-Amisano-&#xA9;Teatro-alla-Scala-rebirth-4-1024x683.jpg\" alt=\"Sonya Yoncheva, Teatro La Scala, Milan, Cappella Mediterranea\" class=\"wp-image-4889\"\/><\/figure>\n\n\n\n<figure class=\"wp-block-image size-large\"><img decoding=\"async\" data-id=\"4881\" src=\"https:\/\/cappellamediterranea.com\/wp-content\/uploads\/&#xA9;alberto-Panzani-Milan-6-1024x716.jpg\" alt=\"Sonya Yoncheva, Teatro La Scala, Milan, Cappella Mediterranea\" class=\"wp-image-4881\"\/><\/figure>\n\n\n\n<figure class=\"wp-block-image size-large\"><img decoding=\"async\" data-id=\"4887\" src=\"https:\/\/cappellamediterranea.com\/wp-content\/uploads\/Brescia-e-Amisano-&#xA9;Teatro-alla-Scala-Rebirth-1-1024x683.jpg\" alt=\"Sonya Yoncheva, Teatro La Scala, Milan, Cappella Mediterranea\" class=\"wp-image-4887\"\/><\/figure>\n<\/figure>\n<\/div>\n<\/div>\n\n<div class=\"wp-block-columns is-layout-flex wp-container-core-columns-is-layout-ef350914 wp-block-columns-is-layout-flex\" style=\"padding-top:var(--wp--preset--spacing--30);padding-bottom:var(--wp--preset--spacing--30)\">\n<div class=\"wp-block-column is-layout-flow wp-block-column-is-layout-flow\" style=\"flex-basis:100%\">\n<a class=\"link-default link-center link-circle\" href=\"https:\/\/cappellamediterranea.com\/productions\/\">\n    <div class=\"content-circle\">\n        <div class=\"circle\"><\/div>\n    <\/div>\n    <span class=\"title\">\n        See our other productions    <\/span>\n<\/a>\n\n<\/div>\n<\/div>\n","protected":false},"excerpt":{"rendered":"A recital featuring works by Monteverdi, Cavalli, Strozzi, Stradella, Marin, Gibbons, Ferrabosco, Dowland and Leonardo Garc\u00eda Alarc\u00f3n.","protected":false},"featured_media":11652,"parent":0,"menu_order":0,"template":"","meta":{"_acf_changed":false},"tags":[],"categorie-production":[68],"class_list":["post-9210","post-concert","type-post-concert","status-publish","has-post-thumbnail","hentry","categorie-production-recital"],"acf":{"concerts":[{"date":"2024-09-08 19:30:00","lieu":"","salle_de_concert":"","lien_de_la_billetterie":"https:\/\/www.staatsoper-berlin.de\/de\/veranstaltungen\/liederabend-sonya-yoncheva.16036\/#event-92464"},{"date":"2021-11-18 20:00:00","lieu":"Milan, Italy","salle_de_concert":"Teatro alla Scala ","lien_de_la_billetterie":""},{"date":"2021-11-15 20:00:00","lieu":"Barcelona, Spain","salle_de_concert":"Palau de la M\u00fasica Catalana","lien_de_la_billetterie":""},{"date":"2026-07-14 19:00:00","lieu":"Geneva, Switzerland","salle_de_concert":"Victoria Hall","lien_de_la_billetterie":"https:\/\/festival-aix.com\/"}]},"_links":{"self":[{"href":"https:\/\/cappellamediterranea.com\/en\/wp-json\/wp\/v2\/post-concert\/9210","targetHints":{"allow":["GET"]}}],"collection":[{"href":"https:\/\/cappellamediterranea.com\/en\/wp-json\/wp\/v2\/post-concert"}],"about":[{"href":"https:\/\/cappellamediterranea.com\/en\/wp-json\/wp\/v2\/types\/post-concert"}],"version-history":[{"count":0,"href":"https:\/\/cappellamediterranea.com\/en\/wp-json\/wp\/v2\/post-concert\/9210\/revisions"}],"wp:featuredmedia":[{"embeddable":true,"href":"https:\/\/cappellamediterranea.com\/en\/wp-json\/wp\/v2\/media\/11652"}],"wp:attachment":[{"href":"https:\/\/cappellamediterranea.com\/en\/wp-json\/wp\/v2\/media?parent=9210"}],"wp:term":[{"taxonomy":"post_tag","embeddable":true,"href":"https:\/\/cappellamediterranea.com\/en\/wp-json\/wp\/v2\/tags?post=9210"},{"taxonomy":"categorie-production","embeddable":true,"href":"https:\/\/cappellamediterranea.com\/en\/wp-json\/wp\/v2\/categorie-production?post=9210"}],"curies":[{"name":"wp","href":"https:\/\/api.w.org\/{rel}","templated":true}]}}