{"id":9185,"date":"2023-12-09T17:17:22","date_gmt":"2023-12-09T16:17:22","guid":{"rendered":"https:\/\/cappellamediterranea.com\/?post_type=post-concert&#038;p=9185"},"modified":"2024-03-23T16:52:42","modified_gmt":"2024-03-23T15:52:42","slug":"lga-mozart-messe","status":"publish","type":"post-concert","link":"https:\/\/cappellamediterranea.com\/en\/production\/lga-mozart-messe\/","title":{"rendered":"Mozart, Grande messe en ut mineur"},"content":{"rendered":"\n<div class=\"wp-block-columns is-layout-flex wp-container-core-columns-is-layout-28f84493 wp-block-columns-is-layout-flex\">\n<div class=\"wp-block-column is-layout-flow wp-block-column-is-layout-flow\" style=\"flex-basis:50%\">\n<figure class=\"wp-block-image size-large\"><img loading=\"lazy\" decoding=\"async\" width=\"1024\" height=\"645\" src=\"https:\/\/cappellamediterranea.com\/wp-content\/uploads\/18032023_Art-de-la-fugue_Radio-France_DSC00656-1024x645.jpg\" alt=\"\" class=\"wp-image-8897\" srcset=\"https:\/\/cappellamediterranea.com\/wp-content\/uploads\/18032023_Art-de-la-fugue_Radio-France_DSC00656-1024x645.jpg 1024w, https:\/\/cappellamediterranea.com\/wp-content\/uploads\/18032023_Art-de-la-fugue_Radio-France_DSC00656-300x189.jpg 300w, https:\/\/cappellamediterranea.com\/wp-content\/uploads\/18032023_Art-de-la-fugue_Radio-France_DSC00656-768x484.jpg 768w, https:\/\/cappellamediterranea.com\/wp-content\/uploads\/18032023_Art-de-la-fugue_Radio-France_DSC00656.jpg 1200w\" sizes=\"auto, (max-width: 1024px) 100vw, 1024px\" \/><\/figure>\n<\/div>\n\n\n\n<div class=\"wp-block-column is-vertically-aligned-top is-layout-constrained wp-container-core-column-is-layout-254f1302 wp-block-column-is-layout-constrained\" style=\"padding-top:0;padding-right:0;padding-bottom:0;padding-left:0;flex-basis:50%\">\n<h4 class=\"wp-block-heading has-text-align-left\">Parce que sa fianc\u00e9e Konstanze est souffrante, Mozart d\u00e9cide, en 1782, de composer ce qui restera une exception dans sa production religieuse : une \u0153uvre votive. \u00ab J\u2019ai fait cette promesse dans mon c\u0153ur \u00bb confie-t-il \u00e0 son p\u00e8re. Ainsi na\u00eet la<em>&nbsp;Grande messe en ut&nbsp;<\/em>qui, bien que laiss\u00e9e inachev\u00e9e, fait preuve d\u2019une rare puissance d\u2019expres sion : y voisinent airs et duos \u00e0 l\u2019italienne, souvenirs de Bach ou de Haendel dans des s\u00e9quences chorales saisissantes, mais, surtout, l\u2019\u00e9paisseur dramatique et humaine, l\u2019angoisse et la lumi\u00e8re qui annoncent<em>&nbsp;le Requiem<\/em>&nbsp;ou<em>&nbsp;La Fl\u00fbte enchant\u00e9e<\/em>.<\/h4>\n<\/div>\n<\/div>\n\n\n\n<section class=\"container\">\n\n\n\n    \n        <h2 class=\"titre-secondaire-basic\">Prochaines dates<\/h2>\n\n                    <div class=\"liste-concert\">\n                            <\/div>\n        \n    \n<\/section>\n\n\n<div class=\"wp-block-columns is-layout-flex wp-container-core-columns-is-layout-28f84493 wp-block-columns-is-layout-flex\">\n<div class=\"wp-block-column is-layout-flow wp-block-column-is-layout-flow\">\n<h2 class=\"wp-block-heading\">Programme<\/h2>\n\n\n\n<p><em>Gro\u00dfe Messe <\/em>en ut mineur &#8211; K.427 (KV.417a)<\/p>\n\n\n\n<p>Wolfgang Amadeus Mozart<\/p>\n<\/div>\n\n\n\n<div class=\"wp-block-column is-layout-flow wp-block-column-is-layout-flow\">\n<h2 class=\"wp-block-heading\">Distribution<\/h2>\n\n\n\n<p><strong>Marie Lys&nbsp;<\/strong>soprano<br><strong>Deepa Johnny&nbsp;<\/strong>soprano<br><strong>Mark Milhofer<\/strong>&nbsp;t\u00e9nor<br><strong>Edward Grint<\/strong>&nbsp;basse<br><\/p>\n\n\n\n<p><strong>Ch\u0153ur de Radio France<\/strong><br><strong>Val\u00e9rie Fayet&nbsp;<\/strong>cheffe de ch\u0153ur<br><strong>Orchestre Philharmonique de Radio France<\/strong><br><strong>Leonardo Garc\u00eda Alarc\u00f3n&nbsp;<\/strong>direction<\/p>\n<\/div>\n<\/div>\n","protected":false},"excerpt":{"rendered":"Parce que sa fianc\u00e9e Konstanze est souffrante, Mozart d\u00e9cide, en 1782, de composer ce qui restera une exception dans sa production religieuse : une \u0153uvre votive. \u00ab J\u2019ai fait cette promesse dans mon c\u0153ur \u00bb confie-t-il \u00e0 son p\u00e8re. Ainsi na\u00eet la Grande messe en ut qui, bien que laiss\u00e9e inachev\u00e9e, fait preuve d\u2019une rare puissance d\u2019expres sion : y voisinent airs et duos \u00e0 l\u2019italienne, souvenirs de Bach ou de Haendel dans des s\u00e9quences chorales saisissantes, mais, surtout, l\u2019\u00e9paisseur dramatique et humaine, l\u2019angoisse et la lumi\u00e8re qui annoncent le Requiem ou La Fl\u00fbte enchant\u00e9e.","protected":false},"featured_media":8897,"parent":0,"menu_order":0,"template":"","meta":{"_acf_changed":false},"tags":[],"categorie-production":[45],"class_list":["post-9185","post-concert","type-post-concert","status-publish","has-post-thumbnail","hentry","categorie-production-leonardo-garcia-alarcon"],"acf":{"concerts":[{"date":"2023-12-09 20:00:00","lieu":"Paris, France","salle_de_concert":"Auditorium - Maison de la Radio","lien_de_la_billetterie":"https:\/\/www.maisondelaradioetdelamusique.fr\/evenement\/concert-symphonique\/mozart-grande-messe-en-ut-leonardo-garcia-alarcon-0"},{"date":"2023-12-10 16:00:00","lieu":"Paris, France","salle_de_concert":"Auditorium - Maison de la Radio","lien_de_la_billetterie":"https:\/\/www.maisondelaradioetdelamusique.fr\/evenement\/concert-symphonique\/mozart-grande-messe-en-ut-leonardo-garcia-alarcon-0"}]},"_links":{"self":[{"href":"https:\/\/cappellamediterranea.com\/en\/wp-json\/wp\/v2\/post-concert\/9185","targetHints":{"allow":["GET"]}}],"collection":[{"href":"https:\/\/cappellamediterranea.com\/en\/wp-json\/wp\/v2\/post-concert"}],"about":[{"href":"https:\/\/cappellamediterranea.com\/en\/wp-json\/wp\/v2\/types\/post-concert"}],"version-history":[{"count":0,"href":"https:\/\/cappellamediterranea.com\/en\/wp-json\/wp\/v2\/post-concert\/9185\/revisions"}],"wp:featuredmedia":[{"embeddable":true,"href":"https:\/\/cappellamediterranea.com\/en\/wp-json\/wp\/v2\/media\/8897"}],"wp:attachment":[{"href":"https:\/\/cappellamediterranea.com\/en\/wp-json\/wp\/v2\/media?parent=9185"}],"wp:term":[{"taxonomy":"post_tag","embeddable":true,"href":"https:\/\/cappellamediterranea.com\/en\/wp-json\/wp\/v2\/tags?post=9185"},{"taxonomy":"categorie-production","embeddable":true,"href":"https:\/\/cappellamediterranea.com\/en\/wp-json\/wp\/v2\/categorie-production?post=9185"}],"curies":[{"name":"wp","href":"https:\/\/api.w.org\/{rel}","templated":true}]}}