{"id":9159,"date":"2024-03-19T10:07:07","date_gmt":"2024-03-19T09:07:07","guid":{"rendered":"https:\/\/cappellamediterranea.com\/production\/monteverdi-piazzolla\/"},"modified":"2024-03-26T17:14:06","modified_gmt":"2024-03-26T16:14:06","slug":"monteverdi-piazzolla","status":"publish","type":"post-concert","link":"https:\/\/cappellamediterranea.com\/en\/production\/monteverdi-piazzolla\/","title":{"rendered":"Monteverdi &#8211; Piazzolla"},"content":{"rendered":"\n<div class=\"wp-block-columns is-layout-flex wp-container-core-columns-is-layout-28f84493 wp-block-columns-is-layout-flex\">\n<div class=\"wp-block-column is-layout-flow wp-block-column-is-layout-flow\" style=\"flex-basis:50%\">\n<figure class=\"wp-block-image size-large\"><img loading=\"lazy\" decoding=\"async\" width=\"946\" height=\"1024\" src=\"https:\/\/cappellamediterranea.com\/wp-content\/uploads\/\/cChristophe-Fillieule-Festival-de-Saint-DenisDSC_7359-946x1024.jpg\" alt=\"\" class=\"wp-image-9884\" srcset=\"https:\/\/cappellamediterranea.com\/wp-content\/uploads\/cChristophe-Fillieule-Festival-de-Saint-DenisDSC_7359-946x1024.jpg 946w, https:\/\/cappellamediterranea.com\/wp-content\/uploads\/cChristophe-Fillieule-Festival-de-Saint-DenisDSC_7359-277x300.jpg 277w, https:\/\/cappellamediterranea.com\/wp-content\/uploads\/cChristophe-Fillieule-Festival-de-Saint-DenisDSC_7359-768x831.jpg 768w, https:\/\/cappellamediterranea.com\/wp-content\/uploads\/cChristophe-Fillieule-Festival-de-Saint-DenisDSC_7359-1419x1536.jpg 1419w, https:\/\/cappellamediterranea.com\/wp-content\/uploads\/cChristophe-Fillieule-Festival-de-Saint-DenisDSC_7359-1892x2048.jpg 1892w\" sizes=\"auto, (max-width: 946px) 100vw, 946px\" \/><\/figure>\n<\/div>\n\n\n\n<div class=\"wp-block-column is-vertically-aligned-top is-layout-flow wp-block-column-is-layout-flow\" style=\"padding-top:0;padding-right:0;padding-bottom:0;padding-left:0;flex-basis:50%\">\n<h4 class=\"wp-block-heading has-text-align-left\">In this audacious and deeply moving programme, Leonardo Garc\u00eda Alarc\u00f3n brings together two seemingly disparate composers. Although they may have lived 350 years apart, each revolutionised the music of their era. Time comes to a standstill for these two composers who sought to freely express emotion through music. <\/h4>\n\n\n\n<p><em>&#8220;Before this project, Baroque music was nothing more than folklore to me. Unearthing this music and trying to bring it back to life was almost like an archaeological excavation. I realised that Baroque music is just as vibrant as tango and is not only for young people who like pretending to be old people.<\/em><\/p>\n\n\n\n<p><strong>William Sabatier, Bandoneonist<\/strong><\/p>\n\n\n\n<blockquote class=\"wp-block-quote is-layout-flow wp-block-quote-is-layout-flow\">\n<section class=\"container citation-presse\">\n    <h2><\/h2>\n    <div class=\"swiper-citation-presse\">\n        <div class=\"swiper-wrapper\">\n                            <div class=\"swiper-slide\">\n                                            <div class=\"content-jacket\">\n                            <img decoding=\"async\" class=\"jacket\" src=\"https:\/\/cappellamediterranea.com\/wp-content\/uploads\/Telerama_logo.png\" alt=\"\" \/>\n                        <\/div>\n                                        <p class=\"citation\">&#8220;[Avec Leonardo Garc\u00eda Alarc\u00f3n] Alain Brunet [&#8230; ]a fait le bon choix : celui de la jeunesse et de l\u2019exp\u00e9rience, de la fougue et de la r\u00e9flexion.&#8221;<\/p>\n                    <p class=\"auteur\">Gilles Macassar &#8211; T\u00e9l\u00e9rama, 2009<\/p>\n                <\/div>\n                            <div class=\"swiper-slide\">\n                                            <div class=\"content-jacket\">\n                            <img decoding=\"async\" class=\"jacket\" src=\"https:\/\/cappellamediterranea.com\/wp-content\/uploads\/AFP.png\" alt=\"\" \/>\n                        <\/div>\n                                        <p class=\"citation\">&#8220;Leonardo Garc\u00eda Alarc\u00f3n sautille du clavecin au piano, un autre musicien de la viole de gambe \u00e0 la contrebasse, en une brillante schizophr\u00e9nie musicale. [&#8230; ] Plus qu\u2019une simple alternance de Piazzolla et Monteverdi, le spectacle est une imbrication des deux univers : quand, sur un accord lancinant de bandon\u00e9on, le guitariste reprend son th\u00e9orbe [&#8230;] et que la danseuse de tango esquisse quelques pas sur un madrigal.&#8221;<\/p>\n                    <p class=\"auteur\">Delphine Thouvenot &#8211; AFP, 2009<\/p>\n                <\/div>\n                    <\/div>\n    <\/div>\n\n    <div class=\"citation-navigation\">\n        <div class=\"swiper-citation-presse-button-prev\"><\/div>\n        <div class=\"swiper-citation-presse-button-next\"><\/div>\n    <\/div>\n<\/section><\/blockquote>\n<\/div>\n<\/div>\n\n<div class=\"wp-block-columns is-layout-flex wp-container-core-columns-is-layout-28f84493 wp-block-columns-is-layout-flex\">\n<div class=\"wp-block-column is-layout-flow wp-block-column-is-layout-flow\">\n<h2 class=\"wp-block-heading\">Music across time<\/h2>\n\n\n\n<p class=\"has-text-align-left\">Ancient instruments dialogue with modern instruments in a performance that is situated somewhere between past and present, between dance and music. The powerful dramaturgy draws us into a journey that takes us from life to death, fully embracing both musical aesthetics. The scores have been transcribed for the bandoneon, which runs like a thread throughout the concert.<\/p>\n\n\n\n<p><em>&#8220;It is incredibly challenging to bring together two influential musical worlds that are separated by more than 400 years. Not everyone is prepared to take on this task, but it&#8217;s a hugely rewarding experience that gives us much hope for the future, opening the door to new questions, new research and new projects.\u201d<br\/><strong>Quito Gato<\/strong><\/em><\/p>\n<\/div>\n\n\n\n<div class=\"wp-block-column is-vertically-aligned-bottom is-layout-flow wp-block-column-is-layout-flow\">\n<figure class=\"wp-block-embed is-type-video is-provider-youtube wp-block-embed-youtube wp-embed-aspect-16-9 wp-has-aspect-ratio\"><div class=\"wp-block-embed__wrapper\">\n<iframe loading=\"lazy\" title=\"Monteverdi Piazzolla - Cappella Mediterranea\" width=\"500\" height=\"281\" src=\"https:\/\/www.youtube.com\/embed\/ExhFKt7sJSA?feature=oembed\" frameborder=\"0\" allow=\"accelerometer; autoplay; clipboard-write; encrypted-media; gyroscope; picture-in-picture; web-share\" referrerpolicy=\"strict-origin-when-cross-origin\" allowfullscreen><\/iframe>\n<\/div><\/figure>\n<\/div>\n<\/div>\n\n<section class=\"container\">\n\n\n\n    \n        <h2 class=\"titre-secondaire-basic\">Prochaines dates<\/h2>\n\n        \n            <div class=\"swiper-card-concert-current\">\n                <div class=\"swiper-wrapper\">\n                                    <\/div>\n            <\/div>\n\n            <div class=\"nav-swipper-concert-current\">\n                <div class=\"swiper-card-concert-current-button-prev\"><\/div>\n                <div class=\"swiper-card-concert-current-button-next\"><\/div>\n            <\/div>\n        \n    \n<\/section>\n<div class=\"wp-block-columns is-layout-flex wp-container-core-columns-is-layout-28f84493 wp-block-columns-is-layout-flex\">\n<div class=\"wp-block-column is-layout-flow wp-block-column-is-layout-flow\">\n<h2 class=\"wp-block-heading\">Program<\/h2>\n\n\n\n<p><strong>Night<br\/><\/strong>Anibal Troilo La Ultima Curda (Tango, 1956)<br\/>Claudio Monteverdi Dormo ancora (Il ritorno d\u2019Ulisse in patria 1640)<br\/>Claudio Monteverdi Sinfonia (L\u2019Orfeo 1607)<br\/>Claudio Monteverdi Dorme l\u2019incauta Dorme (L\u2019incoronazione di Poppea 1642)<\/p>\n\n\n\n<p><strong>An omen<br\/><\/strong>Astor Piazzolla Romance del Diablo (Serie del Diablo 1965)<br\/>Claudio Monteverdi Ohim\u00e9, ch\u2019io cado (Il primo libro delle canzonette 1593)<br\/>Astor Piazzolla Vuelvo Al Sur (texte de Pino Solanas 1987)<\/p>\n\n\n\n<p><strong>Love<\/strong><br\/>Astor Piazzolla Milonga del Angel (Serie del Angel 1965)<br\/>Claudio Monteverdi Sol per te bella Euridice (L\u2019Orfeo 1607)<br\/>Claudio Monteverdi Pur ti miro (L\u2019incoronazione di Poppea 1642)<\/p>\n\n\n\n<p><strong>Abandonment<br\/><\/strong>Astor Piazzolla Balada para un loco (texte de Horacio Ferrer 1969)<br\/>Claudio Monteverdi Lamento della ninfa (VIII Libro dei Madrigali 1638)<br\/>Astor Piazzolla Chiquil\u00edn de Bach\u00edn (Horacio Ferrer 1968)<\/p>\n\n\n\n<p><strong>War<br\/><\/strong>Claudio Monteverdi Sinfonia da Guerra (Il ritorno d\u2019Ulisse in patria 1640)<br\/>Astor Piazzolla Jacinto Chiclana (text by Jorge Luis Borges, 1965)<br\/>Astor Piazzolla Michelangelo 70 (1969)<\/p>\n\n\n\n<p><strong>Death<br\/><\/strong>Claudio Monteverdi Benedicta (Il Vespro della beata Vergine 1610)<br\/>Astor Piazzolla Muerte del Angel (Serie del Angel 1962)<br\/>Astor Piazzolla Balada para mi muerte (text by Horacio Ferrer 1968)<br\/>Claudio Monteverdi S\u2019apre la tomba (Il secondo libro delle canzonette 1637)<\/p>\n\n\n\n<p><em>Performance running time: approx. 1 hour 40 minutes<\/em><\/p>\n<\/div>\n\n\n\n<div class=\"wp-block-column is-layout-flow wp-block-column-is-layout-flow\">\n<h2 class=\"wp-block-heading\">Artists<\/h2>\n\n\n\n<p><strong>Mariana Flores<\/strong>, soprano<br\/><strong>Diego Valent\u00edn Flores<\/strong>, tenor<\/p>\n\n\n\n<p><strong>Cappella Mediterranea<\/strong><\/p>\n\n\n\n<p><strong>William Sabatier<\/strong>, bandoneon<br\/><strong>Girolamo Bottiglieri<\/strong>, violin<br\/><strong>Rodrigo Calveyra<\/strong>, cornett<br\/><strong>Ronald Martin Alonso<\/strong>, viola de gamba<br\/><strong>Quito Gato<\/strong>, theorbo, guitar<br\/><strong>Romain Lecuyer<\/strong>, double bass<\/p>\n\n\n\n<p><strong>Leonardo Garc\u00eda Alarc\u00f3n<\/strong>, direction, piano, harpsichord<\/p>\n\n\n\n<p>Programme created for the 2009 Festival d&#8217;Ambronay. <\/p>\n\n\n\n<div class=\"wp-block-columns is-layout-flex wp-container-core-columns-is-layout-328c6305 wp-block-columns-is-layout-flex\" style=\"padding-top:var(--wp--preset--spacing--30)\">\n<div class=\"wp-block-column is-layout-flow wp-block-column-is-layout-flow\" style=\"flex-basis:100%\">\n<a class=\"link-default link-center link-circle\" href=\"https:\/\/cappellamediterranea.com\/post-discographie\/disques-de-lga-2-2-5-11\/\">\n    <div class=\"content-circle\">\n        <div class=\"circle\"><\/div>\n    <\/div>\n    <span class=\"title\">\n        Album    <\/span>\n<\/a>\n\n<\/div>\n<\/div>\n<\/div>\n<\/div>\n\n<div class=\"wp-block-columns is-layout-flex wp-container-core-columns-is-layout-28f84493 wp-block-columns-is-layout-flex\">\n<div class=\"wp-block-column is-layout-flow wp-block-column-is-layout-flow\" style=\"flex-basis:50%\">\n<h2 class=\"wp-block-heading\">A word from Leonardo Garc\u00eda Alarc\u00f3n<\/h2>\n\n\n\n<p><em>\u00ab Sometimes great creators brave the fear of displeasing, and create a new style so that<\/em> <em>music can follow its natural course. Two composers of Italian origin fit this Don Quixote-like role: Claudio Monteverdi for the Italian Baroque style and Astor Piazzolla for tango.<\/em><\/p>\n\n\n\n<p><em>Monteverdi worked in Venice, a city defined by its port. Piazzolla was also of Italian origin, but lived in Buenos Aires, a city where the inhabitants are called porte\u00f1os (literally &#8216;port dwellers&#8217;). The deaths of these two visionaries left a huge void. Their styles are so personal that Cavalli, a pupil of Monteverdi\u2019s, seems to predate his master, and some contemporary Argentine bandoneon composers struggle to renew Piazzolla&#8217;s style.<\/em><\/p>\n\n\n\n<p><em>The Centre culturel de rencontre d\u2019Ambronay originally suggested that I come up with a programme featuring Vivaldi and Piazzolla. I proposed to instead explore the relationship between Monteverdi and Piazzolla because if we overlook the centuries that separate them, we can see that they shared the same struggles and dreams. They both wanted to create freely put their brilliant technique at the services of intense and contradictory emotions. I gave this idea a name: Angel y Demonio. Monteverdi is not an angel and Piazzolla is not a demon, but both can switch from one to the other at any time. It is the very foundation of their musical language. Both knew that life is synonymous with emotion, love, change, crisis and death.<\/em> &#8220;<\/p>\n<\/div>\n\n\n\n<div class=\"wp-block-column is-layout-flow wp-block-column-is-layout-flow\" style=\"flex-basis:50%\">\n<figure class=\"wp-block-image size-large is-resized\"><img loading=\"lazy\" decoding=\"async\" width=\"1024\" height=\"836\" src=\"https:\/\/cappellamediterranea.com\/wp-content\/uploads\/\/cChristophe-Fillieule-Festival-de-Saint-DenisDSC_7372-1024x836.jpg\" alt=\"\" class=\"wp-image-9887\" style=\"aspect-ratio:1.2248803827751196;width:646px;height:auto\" srcset=\"https:\/\/cappellamediterranea.com\/wp-content\/uploads\/cChristophe-Fillieule-Festival-de-Saint-DenisDSC_7372-1024x836.jpg 1024w, https:\/\/cappellamediterranea.com\/wp-content\/uploads\/cChristophe-Fillieule-Festival-de-Saint-DenisDSC_7372-300x245.jpg 300w, https:\/\/cappellamediterranea.com\/wp-content\/uploads\/cChristophe-Fillieule-Festival-de-Saint-DenisDSC_7372-768x627.jpg 768w, https:\/\/cappellamediterranea.com\/wp-content\/uploads\/cChristophe-Fillieule-Festival-de-Saint-DenisDSC_7372-1536x1254.jpg 1536w, https:\/\/cappellamediterranea.com\/wp-content\/uploads\/cChristophe-Fillieule-Festival-de-Saint-DenisDSC_7372-2048x1672.jpg 2048w\" sizes=\"auto, (max-width: 1024px) 100vw, 1024px\" \/><\/figure>\n<\/div>\n<\/div>\n\n<div class=\"wp-block-columns is-layout-flex wp-container-core-columns-is-layout-28f84493 wp-block-columns-is-layout-flex\">\n<div class=\"wp-block-column is-layout-flow wp-block-column-is-layout-flow\" style=\"flex-basis:100%\">    <section class=\"container album\">\n        <div class=\"full-bg-album\"><\/div>\n\n        \n            <div class=\"content-album\">\n\n                <h2>Monteverdi &#8211; Piazzolla &#8211; Namur 2021<\/h2>\n\n                                <div class=\"content-jacket\">\n                    <img decoding=\"async\" class=\"jacket\" data-album=\"galerie-album-0\" src=\"https:\/\/cappellamediterranea.com\/wp-content\/uploads\/Monteverdi_PIazzolla-Gabriel_Balaguera-30-scaled.jpg\" alt=\"\" \/>\n                <\/div>\n                \n                <div class=\"galerie-album galerie-album-0\">\n                    <div class=\"header-close\">\n                        <div class=\"btn-close\"><\/div>\n                    <\/div>\n                    <div class=\"swiper-album\">\n                        <div class=\"swiper-wrapper\">\n\n                                                            <div class=\"swiper-slide\">\n                                    <img decoding=\"async\" src=\"https:\/\/cappellamediterranea.com\/wp-content\/uploads\/Monteverdi_PIazzolla-Gabriel_Balaguera-30-scaled.jpg\"   title=\"Monteverdi_PIazzolla - Gabriel_Balaguera-30\"  loading=\"lazy\">\n                                    <div class=\"description\"><\/div>\n                                <\/div>\n                                                            <div class=\"swiper-slide\">\n                                    <img decoding=\"async\" src=\"https:\/\/cappellamediterranea.com\/wp-content\/uploads\/Monteverdi-PiazzollaGabriel_Balaguera-2.jpg\"   title=\"Monteverdi PiazzollaGabriel_Balaguera 2\"  loading=\"lazy\">\n                                    <div class=\"description\"><\/div>\n                                <\/div>\n                                                            <div class=\"swiper-slide\">\n                                    <img decoding=\"async\" src=\"https:\/\/cappellamediterranea.com\/wp-content\/uploads\/Monteverdi_PIazzolla-Gabriel_Balaguera-21-scaled.jpg\"   title=\"Monteverdi_PIazzolla - Gabriel_Balaguera-21\"  loading=\"lazy\">\n                                    <div class=\"description\"><\/div>\n                                <\/div>\n                                                            <div class=\"swiper-slide\">\n                                    <img decoding=\"async\" src=\"https:\/\/cappellamediterranea.com\/wp-content\/uploads\/Monteverdi-PiazzollaGabriel_Balaguera-3.jpg\"   title=\"Monteverdi PiazzollaGabriel_Balaguera 3\"  loading=\"lazy\">\n                                    <div class=\"description\"><\/div>\n                                <\/div>\n                                                            <div class=\"swiper-slide\">\n                                    <img decoding=\"async\" src=\"https:\/\/cappellamediterranea.com\/wp-content\/uploads\/Monteverdi-PiazzollaGabriel_Balaguera-1.jpg\"   title=\"Monteverdi-PiazzollaGabriel_Balaguera 1\"  loading=\"lazy\">\n                                    <div class=\"description\"><\/div>\n                                <\/div>\n                            \n                        <\/div>\n                    <\/div>\n                    <div class=\"navigation-album\">\n                        <div class=\"swiper-album-button-prev\"><\/div>\n                        <div class=\"swiper-album-button-next\"><\/div>\n                    <\/div>\n                <\/div>\n\n            <\/div>\n\n            <\/section>\n\n<\/div>\n<\/div>\n\n<div class=\"wp-block-columns is-layout-flex wp-container-core-columns-is-layout-328c6305 wp-block-columns-is-layout-flex\" style=\"padding-top:var(--wp--preset--spacing--30)\">\n<div class=\"wp-block-column is-layout-flow wp-block-column-is-layout-flow\" style=\"flex-basis:100%\">\n<a class=\"link-default link-center link-circle\" href=\"https:\/\/cappellamediterranea.com\/en\/productions\/\">\n    <div class=\"content-circle\">\n        <div class=\"circle\"><\/div>\n    <\/div>\n    <span class=\"title\">\n        See our other productions    <\/span>\n<\/a>\n\n<\/div>\n<\/div>\n","protected":false},"excerpt":{"rendered":"In this audacious and deeply moving programme, Leonardo Garc\u00eda Alarc\u00f3n brings together two seemingly disparate composers. Although they may have lived 350 years apart, each revolutionised the music of their era. Time comes to a standstill for these two composers who sought to freely express emotion through music. ","protected":false},"featured_media":9885,"parent":0,"menu_order":0,"template":"","meta":{"_acf_changed":false},"tags":[],"categorie-production":[63],"class_list":["post-9159","post-concert","type-post-concert","status-publish","has-post-thumbnail","hentry","categorie-production-small-scale-concert"],"acf":{"concerts":[{"date":"2024-06-20 19:00:00","lieu":"Potsdam, Germany","salle_de_concert":"Friedenskirche Sanssouci Kirchenkonzerte","lien_de_la_billetterie":"https:\/\/www.musikfestspiele-potsdam.de\/programm\/kalender\/programm-details\/monteverdi-piazzolla-32.html"},{"date":"2023-07-30 20:00:00","lieu":"Peralada, Spain","salle_de_concert":"Festival de Peralada","lien_de_la_billetterie":"https:\/\/www.festivalperalada.com\/ca\/programacio\/236\/monteverdi-piazzola\/"},{"date":"2023-07-10 20:30:00","lieu":"Chamonix, France","salle_de_concert":"Festival baroque du Pays du Mont-Blanc","lien_de_la_billetterie":"https:\/\/www.festivalmontblanc.fr\/edition-2023\/concert-cappella-2023\/"},{"date":"2023-07-09 17:00:00","lieu":"Geneva","salle_de_concert":"La Cit\u00e9 Bleue","lien_de_la_billetterie":"https:\/\/lacitebleue.ch\/evenement\/monteverdi-piazzolla\/"},{"date":"2021-08-27 20:00:00","lieu":"Tannay, Switzerland","salle_de_concert":"Variations Musicales de Tannay","lien_de_la_billetterie":""},{"date":"2021-07-02 20:00:00","lieu":"Namur, Belgium","salle_de_concert":"Th\u00e9\u00e2tre de Verdure (outdoor concert) ","lien_de_la_billetterie":""},{"date":"2021-06-29 20:00:00","lieu":"Saint Denis, France","salle_de_concert":"Festival de Saint-Denis - Basilique","lien_de_la_billetterie":""},{"date":"2018-08-05 20:00:00","lieu":"Salon-de-Provence, France","salle_de_concert":"Ch\u00e2teau de l'Emperi","lien_de_la_billetterie":""},{"date":"2016-06-26 20:00:00","lieu":"El Escorial, Madrid","salle_de_concert":"","lien_de_la_billetterie":""},{"date":"2016-11-28 20:00:00","lieu":"Lille, France","salle_de_concert":"Op\u00e9ra de Lille","lien_de_la_billetterie":""},{"date":"2016-11-26 20:00:00","lieu":"Lille, France","salle_de_concert":"Op\u00e9ra de Lille","lien_de_la_billetterie":""},{"date":"2014-01-23 20:00:00","lieu":"Meyrin, Switzerland","salle_de_concert":"Forum Meyrin","lien_de_la_billetterie":""},{"date":"2013-05-24 20:00:00","lieu":"Belley, France","salle_de_concert":"L'Int\u00e9gral, Belley","lien_de_la_billetterie":""},{"date":"2013-04-11 20:00:00","lieu":"France, Epinay sur Seine","salle_de_concert":"Epinay sur Seine","lien_de_la_billetterie":""},{"date":"2012-11-27 20:00:00","lieu":"Reims, France","salle_de_concert":"Op\u00e9ra de Reims","lien_de_la_billetterie":""},{"date":"2012-11-10 20:00:00","lieu":"Privas, France","salle_de_concert":"Th\u00e9\u00e2tre de Privas","lien_de_la_billetterie":""},{"date":"2012-03-06 18:00:00","lieu":"France","salle_de_concert":"Le Crat\u00e8re, Sc\u00e8ne Nationale d'Al\u00e8s","lien_de_la_billetterie":""},{"date":"2011-12-16 20:00:00","lieu":"France, Reims","salle_de_concert":"Centre des congr\u00e8s, Reims","lien_de_la_billetterie":""},{"date":"2011-12-15 20:00:00","lieu":"Douai, France","salle_de_concert":"Th\u00e9\u00e2tre de Douai","lien_de_la_billetterie":""},{"date":"2011-10-13 20:00:00","lieu":"Havre, France","salle_de_concert":"Th\u00e9\u00e2tre du Havre","lien_de_la_billetterie":""},{"date":"2011-05-23 20:00:00","lieu":"France, Nantes","salle_de_concert":"Festival Le printemps des Arts, Nantes","lien_de_la_billetterie":""},{"date":"2011-05-21 19:00:00","lieu":"France, Guebwiller","salle_de_concert":"Les Dominicains de Haute-Alsace, Guebwiller","lien_de_la_billetterie":""},{"date":"2011-02-23 20:00:00","lieu":"Metz, France","salle_de_concert":"L'Arsenal, Metz","lien_de_la_billetterie":""},{"date":"2011-02-11 20:00:00","lieu":"France, Draguignan","salle_de_concert":"Th\u00e9\u00e2tre de Draguignan","lien_de_la_billetterie":""},{"date":"2011-01-13 20:00:00","lieu":"Charleroi, Belgium","salle_de_concert":"","lien_de_la_billetterie":""},{"date":"2010-12-10 20:00:00","lieu":"Levallois, France","salle_de_concert":"Salle Ravel, Levallois","lien_de_la_billetterie":""},{"date":"2010-10-14 20:00:00","lieu":"Saint-Genis Pouilly, France","salle_de_concert":"Th\u00e9\u00e2tre du Bordeau, Saint-Genis Pouilly","lien_de_la_billetterie":""},{"date":"2010-10-11 20:00:00","lieu":"Gradignan, France","salle_de_concert":"Th\u00e9\u00e2tre des 4 saisons, Gradignan","lien_de_la_billetterie":""},{"date":"2010-10-08 20:00:00","lieu":"Saintes, France","salle_de_concert":"Gallia Th\u00e9\u00e2tre, Saintes","lien_de_la_billetterie":""},{"date":"2010-09-18 21:00:00","lieu":"Ambronay, France","salle_de_concert":"Festival d'Ambronay","lien_de_la_billetterie":""},{"date":"2010-09-17 20:00:00","lieu":"Jujurieux, France","salle_de_concert":"Chapelle Espace culturel C.J. Bonnet","lien_de_la_billetterie":""},{"date":"2010-09-15 20:00:00","lieu":"Paris, France","salle_de_concert":"Nuit de la Voix Orange, Op\u00e9ra Comique","lien_de_la_billetterie":""},{"date":"2010-06-26 20:00:00","lieu":"Saint Priest en Jarez, France","salle_de_concert":"Festival \u00c9t\u00e9 musical de la Loire","lien_de_la_billetterie":""},{"date":"2009-10-03 20:00:00","lieu":"Ambronay, France","salle_de_concert":"Festival d'Ambronay","lien_de_la_billetterie":""},{"date":"2009-10-02 20:00:00","lieu":"Ambronay, France","salle_de_concert":"Festival d'Ambronay","lien_de_la_billetterie":""},{"date":"2009-09-03 19:00:00","lieu":"Ambronay, France","salle_de_concert":"New creation for the Festival d'Ambronay","lien_de_la_billetterie":""}]},"_links":{"self":[{"href":"https:\/\/cappellamediterranea.com\/en\/wp-json\/wp\/v2\/post-concert\/9159","targetHints":{"allow":["GET"]}}],"collection":[{"href":"https:\/\/cappellamediterranea.com\/en\/wp-json\/wp\/v2\/post-concert"}],"about":[{"href":"https:\/\/cappellamediterranea.com\/en\/wp-json\/wp\/v2\/types\/post-concert"}],"version-history":[{"count":0,"href":"https:\/\/cappellamediterranea.com\/en\/wp-json\/wp\/v2\/post-concert\/9159\/revisions"}],"wp:featuredmedia":[{"embeddable":true,"href":"https:\/\/cappellamediterranea.com\/en\/wp-json\/wp\/v2\/media\/9885"}],"wp:attachment":[{"href":"https:\/\/cappellamediterranea.com\/en\/wp-json\/wp\/v2\/media?parent=9159"}],"wp:term":[{"taxonomy":"post_tag","embeddable":true,"href":"https:\/\/cappellamediterranea.com\/en\/wp-json\/wp\/v2\/tags?post=9159"},{"taxonomy":"categorie-production","embeddable":true,"href":"https:\/\/cappellamediterranea.com\/en\/wp-json\/wp\/v2\/categorie-production?post=9159"}],"curies":[{"name":"wp","href":"https:\/\/api.w.org\/{rel}","templated":true}]}}