{"id":9139,"date":"2024-01-02T17:15:13","date_gmt":"2024-01-02T16:15:13","guid":{"rendered":"https:\/\/cappellamediterranea.com\/production\/les-chants-du-ciel-et-de-la-terre\/"},"modified":"2023-11-18T11:29:58","modified_gmt":"2023-11-18T10:29:58","slug":"les-chants-du-ciel-et-de-la-terre","status":"publish","type":"post-concert","link":"https:\/\/cappellamediterranea.com\/en\/production\/les-chants-du-ciel-et-de-la-terre\/","title":{"rendered":"Les chants du ciel et de la terre"},"content":{"rendered":"\n<div class=\"wp-block-columns is-layout-flex wp-container-core-columns-is-layout-28f84493 wp-block-columns-is-layout-flex\">\n<div class=\"wp-block-column is-layout-flow wp-block-column-is-layout-flow\" style=\"flex-basis:50%\">\n<figure class=\"wp-block-image size-large\"><img loading=\"lazy\" decoding=\"async\" width=\"1024\" height=\"678\" src=\"https:\/\/cappellamediterranea.com\/wp-content\/uploads\/\/Les-Chants-Venoge-4-1024x678.jpg\" alt=\"Gwendoline Blondeel, Les Chants du Ciel et de la Terre, Venoge, Cappella Mediterranea\" class=\"wp-image-3784\" srcset=\"https:\/\/cappellamediterranea.com\/wp-content\/uploads\/Les-Chants-Venoge-4-1024x678.jpg 1024w, https:\/\/cappellamediterranea.com\/wp-content\/uploads\/Les-Chants-Venoge-4-300x199.jpg 300w, https:\/\/cappellamediterranea.com\/wp-content\/uploads\/Les-Chants-Venoge-4-768x508.jpg 768w, https:\/\/cappellamediterranea.com\/wp-content\/uploads\/Les-Chants-Venoge-4.jpg 1127w\" sizes=\"auto, (max-width: 1024px) 100vw, 1024px\" \/><\/figure>\n<\/div>\n\n\n\n<div class=\"wp-block-column is-vertically-aligned-top is-layout-constrained wp-container-core-column-is-layout-254f1302 wp-block-column-is-layout-constrained\" style=\"padding-top:0;padding-right:0;padding-bottom:0;padding-left:0;flex-basis:50%\">\n<h4 class=\"wp-block-heading has-text-align-left\">A rousing collection of pieces by contemporary Italian and French composer Lully. This lively programme is inspired by the nature that surrounds us.<\/h4>\n<\/div>\n<\/div>\n\n<div class=\"wp-block-columns is-layout-flex wp-container-core-columns-is-layout-28f84493 wp-block-columns-is-layout-flex\">\n<div class=\"wp-block-column is-layout-flow wp-block-column-is-layout-flow\">\n<h2 class=\"wp-block-heading\">Programme<\/h2>\n\n\n\n<p><strong>Jean-Joseph de Mondonville<\/strong> &#8211; &#8220;Venez, petits oiseaux&#8221;<br\/><strong>Marc-Antoine Charpentier<\/strong>&#8211; &#8220;Feuillages, naissez&#8221;<br\/><strong>Jean-F\u00e9ry Rebel<\/strong> &#8211; Musette<br\/><strong>Louis Antoine Lefebvre<\/strong> &#8211; &#8220;Vous, qui voyez ce feuillage&#8221;<br\/><strong>Jacques Champion de Chambonni\u00e8res<\/strong> (arr. J. d\u2019Anglebert) &#8211; Sarabande &#8220;Jeunes Z\u00e9phirs&#8221;<br\/><strong>Marc-Antoine Charpentier<\/strong> &#8211; &#8220;Ruisseau qui nourrit dans ce bois&#8221;<br\/><strong>Fran\u00e7ois Couperin<\/strong> &#8211; &#8220;Rossignol en amour&#8221;<br\/><strong>Antonio Vivaldi<\/strong> (en l\u2019honneur de Louis XV) &#8211; &#8220;Se qui pace tall\u2019or&#8221;<\/p>\n<\/div>\n\n\n\n<div class=\"wp-block-column is-layout-flow wp-block-column-is-layout-flow\">\n<h2 class=\"wp-block-heading\">Artists<\/h2>\n\n\n\n<p><strong>Gwendoline Blondeel<\/strong>, soprano<br\/><strong>Rodrigo Calveyra<\/strong>, recorder and concept<br\/><strong>Laura Corolla<\/strong>, violin<br\/><strong>Ronald Martin Alonso<\/strong>, viola de gamba<br\/><strong>Marie Van Rhijn<\/strong>, harpsichord<\/p>\n\n\n\n<a class=\"link-default link-center link-circle\" href=\"https:\/\/cappellamediterranea.com\/productions\/\">\n    <div class=\"content-circle\">\n        <div class=\"circle\"><\/div>\n    <\/div>\n    <span class=\"title\">\n        See our other productions    <\/span>\n<\/a>\n\n<\/div>\n<\/div>\n\n<div class=\"wp-block-columns is-layout-flex wp-container-core-columns-is-layout-28f84493 wp-block-columns-is-layout-flex\">\n<div class=\"wp-block-column is-layout-flow wp-block-column-is-layout-flow\">\n<div class=\"wp-block-columns is-layout-flex wp-container-core-columns-is-layout-28f84493 wp-block-columns-is-layout-flex\">\n<div class=\"wp-block-column is-vertically-aligned-center is-layout-flow wp-block-column-is-layout-flow\">\n<figure class=\"wp-block-image alignright size-large\"><img loading=\"lazy\" decoding=\"async\" width=\"1024\" height=\"699\" src=\"https:\/\/cappellamediterranea.com\/wp-content\/uploads\/\/Les-Chants-Venoge-5-1024x699.jpg\" alt=\"Marie Van Rhijn, Ronald Martin Alonso, Laura Corolla, Les Chants du Ciel et de la Terre, Venoge, Cappella Mediterranea\" class=\"wp-image-3788\" srcset=\"https:\/\/cappellamediterranea.com\/wp-content\/uploads\/Les-Chants-Venoge-5-1024x699.jpg 1024w, https:\/\/cappellamediterranea.com\/wp-content\/uploads\/Les-Chants-Venoge-5-300x205.jpg 300w, https:\/\/cappellamediterranea.com\/wp-content\/uploads\/Les-Chants-Venoge-5-768x524.jpg 768w, https:\/\/cappellamediterranea.com\/wp-content\/uploads\/Les-Chants-Venoge-5.jpg 1098w\" sizes=\"auto, (max-width: 1024px) 100vw, 1024px\" \/><\/figure>\n\n\n\n<figure class=\"wp-block-image alignright size-full\"><img loading=\"lazy\" decoding=\"async\" width=\"1024\" height=\"705\" src=\"https:\/\/cappellamediterranea.com\/wp-content\/uploads\/Les-chants-Venoge-1.jpg\" alt=\"Rodrigo Calveyra, Les chants du Ciel et de la Terre, Venoge, Cappella Mediterranea\" class=\"wp-image-3780\" srcset=\"https:\/\/cappellamediterranea.com\/wp-content\/uploads\/Les-chants-Venoge-1.jpg 1024w, https:\/\/cappellamediterranea.com\/wp-content\/uploads\/Les-chants-Venoge-1-300x207.jpg 300w, https:\/\/cappellamediterranea.com\/wp-content\/uploads\/Les-chants-Venoge-1-768x529.jpg 768w\" sizes=\"auto, (max-width: 1024px) 100vw, 1024px\" \/><\/figure>\n<\/div>\n\n\n\n<div class=\"wp-block-column is-vertically-aligned-center is-layout-flow wp-block-column-is-layout-flow\">\n<figure class=\"wp-block-image alignleft size-large\"><img loading=\"lazy\" decoding=\"async\" width=\"660\" height=\"1024\" src=\"https:\/\/cappellamediterranea.com\/wp-content\/uploads\/\/Les-Chants-Venoge-2-660x1024.jpg\" alt=\"Gwendoline Blondeel, Rodrigo Calveyra, Laura Corolla, Ronald Martin Alonso, Marie Van Rhijn, Les Chants du Ciel et de la Terre, Venoge, Cappella Mediterranea\" class=\"wp-image-3786\" srcset=\"https:\/\/cappellamediterranea.com\/wp-content\/uploads\/Les-Chants-Venoge-2-660x1024.jpg 660w, https:\/\/cappellamediterranea.com\/wp-content\/uploads\/Les-Chants-Venoge-2-194x300.jpg 194w, https:\/\/cappellamediterranea.com\/wp-content\/uploads\/Les-Chants-Venoge-2-768x1191.jpg 768w, https:\/\/cappellamediterranea.com\/wp-content\/uploads\/Les-Chants-Venoge-2-991x1536.jpg 991w, https:\/\/cappellamediterranea.com\/wp-content\/uploads\/Les-Chants-Venoge-2.jpg 1112w\" sizes=\"auto, (max-width: 660px) 100vw, 660px\" \/><\/figure>\n<\/div>\n<\/div>\n<\/div>\n<\/div>\n\n<p><\/p>\n","protected":false},"excerpt":{"rendered":"A rousing collection of pieces by contemporary Italian and French composer Lully. This lively programme is inspired by the nature that surrounds us.","protected":false},"featured_media":3783,"parent":0,"menu_order":0,"template":"","meta":{"_acf_changed":false},"tags":[],"categorie-production":[66],"class_list":["post-9139","post-concert","type-post-concert","status-publish","has-post-thumbnail","hentry","categorie-production-soloists-of-cappella-mediterranea"],"acf":{"concerts":[{"date":"2022-10-25 17:30:00","lieu":"Epernay, France","salle_de_concert":"Private concert - H\u00f4tel particulier de Venoge","lien_de_la_billetterie":""},{"date":"2022-02-03 18:30:00","lieu":"Geneva, Switzerland","salle_de_concert":"Grand Th\u00e9\u00e2tre de Gen\u00e8ve","lien_de_la_billetterie":""},{"date":"2024-07-09 20:00:00","lieu":"","salle_de_concert":"","lien_de_la_billetterie":"https:\/\/grandmanege.be\/fr\/concerts\/314-les-chants-du-ciel-et-terre"},{"date":"2024-09-30 20:00:00","lieu":"","salle_de_concert":"","lien_de_la_billetterie":"https:\/\/www.lesfestivalsdewallonie.be\/event\/les-chants-du-ciel-et-de-la-terre-bw"},{"date":"2024-10-01 20:00:00","lieu":"","salle_de_concert":"","lien_de_la_billetterie":"https:\/\/www.lesfestivalsdewallonie.be\/event\/les-chants-du-ciel-et-de-la-terre-hainaut"},{"date":"2024-11-07 19:30:00","lieu":"","salle_de_concert":"","lien_de_la_billetterie":"http:\/\/www.domainedelagarde.fr\/?musique_grands-rendez-vous"}]},"_links":{"self":[{"href":"https:\/\/cappellamediterranea.com\/en\/wp-json\/wp\/v2\/post-concert\/9139","targetHints":{"allow":["GET"]}}],"collection":[{"href":"https:\/\/cappellamediterranea.com\/en\/wp-json\/wp\/v2\/post-concert"}],"about":[{"href":"https:\/\/cappellamediterranea.com\/en\/wp-json\/wp\/v2\/types\/post-concert"}],"version-history":[{"count":0,"href":"https:\/\/cappellamediterranea.com\/en\/wp-json\/wp\/v2\/post-concert\/9139\/revisions"}],"wp:featuredmedia":[{"embeddable":true,"href":"https:\/\/cappellamediterranea.com\/en\/wp-json\/wp\/v2\/media\/3783"}],"wp:attachment":[{"href":"https:\/\/cappellamediterranea.com\/en\/wp-json\/wp\/v2\/media?parent=9139"}],"wp:term":[{"taxonomy":"post_tag","embeddable":true,"href":"https:\/\/cappellamediterranea.com\/en\/wp-json\/wp\/v2\/tags?post=9139"},{"taxonomy":"categorie-production","embeddable":true,"href":"https:\/\/cappellamediterranea.com\/en\/wp-json\/wp\/v2\/categorie-production?post=9139"}],"curies":[{"name":"wp","href":"https:\/\/api.w.org\/{rel}","templated":true}]}}