{"id":8768,"date":"2023-12-16T11:15:01","date_gmt":"2023-12-16T10:15:01","guid":{"rendered":"https:\/\/cappellamediterranea.com\/?post_type=post-concert&#038;p=8768"},"modified":"2024-03-23T16:23:28","modified_gmt":"2024-03-23T15:23:28","slug":"contar-y-cantar-america","status":"publish","type":"post-concert","link":"https:\/\/cappellamediterranea.com\/en\/production\/contar-y-cantar-america\/","title":{"rendered":"Contar y cantar la America mestiza"},"content":{"rendered":"\n<div class=\"wp-block-columns is-layout-flex wp-container-core-columns-is-layout-615a5165 wp-block-columns-is-layout-flex\" style=\"padding-top:var(--wp--preset--spacing--60);padding-right:var(--wp--preset--spacing--60);padding-bottom:0;padding-left:var(--wp--preset--spacing--60)\">\n<div class=\"wp-block-column is-layout-flow wp-block-column-is-layout-flow\" style=\"flex-basis:50%\">\n<figure class=\"wp-block-image size-full\"><img loading=\"lazy\" decoding=\"async\" width=\"1000\" height=\"657\" src=\"https:\/\/cappellamediterranea.com\/wp-content\/uploads\/FiestaBarroca_DSC08777.jpg\" alt=\"\" class=\"wp-image-8770\" srcset=\"https:\/\/cappellamediterranea.com\/wp-content\/uploads\/FiestaBarroca_DSC08777.jpg 1000w, https:\/\/cappellamediterranea.com\/wp-content\/uploads\/FiestaBarroca_DSC08777-300x197.jpg 300w, https:\/\/cappellamediterranea.com\/wp-content\/uploads\/FiestaBarroca_DSC08777-768x505.jpg 768w\" sizes=\"auto, (max-width: 1000px) 100vw, 1000px\" \/><\/figure>\n<\/div>\n\n\n\n<div class=\"wp-block-column is-layout-constrained wp-block-column-is-layout-constrained\" style=\"flex-basis:50%\">\n<h4 class=\"wp-block-heading\">Omar Porras, directeur du Th\u00e9\u00e2tre Kl\u00e9ber-M\u00e9leau \u00e0 Lausanne, invite Leonardo Garc\u00eda Alarc\u00f3n et Cappella Mediterranea pour une <em>carte blanche<\/em>, une cr\u00e9ation autour de leurs racines sud-am\u00e9ricaines. <\/h4>\n<\/div>\n<\/div>\n\n\n\n<div class=\"wp-block-columns is-layout-flex wp-container-core-columns-is-layout-28f84493 wp-block-columns-is-layout-flex\">\n<div class=\"wp-block-column is-layout-flow wp-block-column-is-layout-flow\">\n<h2 class=\"wp-block-heading\"><strong><em>Conter et chanter l\u2019Am\u00e9rique m\u00e9tisse<\/em><\/strong><\/h2>\n\n\n\n<p>Cette rencontre musicale, r\u00eav\u00e9e de longue date, entre Leonardo Garc\u00eda\u00a0Alarc\u00f3n, Cappella Mediterranea et Omar Porras, ouvre la voie \u00e0 des r\u00eaves\u00a0crois\u00e9s, nourris de ce m\u00eame d\u00e9sir d\u2019exp\u00e9rimenter le pouls vital du plateau\u00a0en se r\u00e9unissant pour se raconter les origines et le syncr\u00e9tisme de leur\u00a0Am\u00e9rique m\u00e9tisse. Ce premier rendez-vous fera \u00e9cho \u00e0 ce qui les a nourris,\u00a0de la\u00a0<em>ranchera<\/em>\u00a0mexicaine de l\u2019Am\u00e9rique centrale \u00e0 la\u00a0<em>cordillerana<\/em>\u00a0et\u00a0au\u00a0<em>chorrillero<\/em>\u00a0de la Patagonie en passant par le son cubano et la\u00a0<em>cumbia<\/em>\u00a0colombienne, en un puissant m\u00e9lange entre profane et sacr\u00e9.<\/p>\n<\/div>\n\n\n\n<div class=\"wp-block-column is-vertically-aligned-bottom is-layout-flow wp-block-column-is-layout-flow\">\n<figure class=\"wp-block-image size-full\"><img loading=\"lazy\" decoding=\"async\" width=\"1000\" height=\"562\" src=\"https:\/\/cappellamediterranea.com\/wp-content\/uploads\/cantar_omar.jpg\" alt=\"\" class=\"wp-image-8772\" srcset=\"https:\/\/cappellamediterranea.com\/wp-content\/uploads\/cantar_omar.jpg 1000w, https:\/\/cappellamediterranea.com\/wp-content\/uploads\/cantar_omar-300x169.jpg 300w, https:\/\/cappellamediterranea.com\/wp-content\/uploads\/cantar_omar-768x432.jpg 768w\" sizes=\"auto, (max-width: 1000px) 100vw, 1000px\" \/><\/figure>\n<\/div>\n<\/div>\n\n\n\n<section class=\"container\">\n\n\n\n    \n        <h2 class=\"titre-secondaire-basic\">Prochaines dates<\/h2>\n\n                    <div class=\"liste-concert\">\n                            <\/div>\n        \n    \n<\/section>\n\n\n<div class=\"wp-block-columns is-layout-flex wp-container-core-columns-is-layout-28f84493 wp-block-columns-is-layout-flex\">\n<div class=\"wp-block-column is-layout-flow wp-block-column-is-layout-flow\">\n<h2 class=\"wp-block-heading\">Nos partenaires<\/h2>\n\n\n\n\n<section class=\"container partenaires-telechargements no-file\">\n\n    <div class=\"partenaires\">\n        <p class=\"p1\">Cr\u00e9ation en collaboration avec le TKM de Lausanne et La Cit\u00e9 Bleue, Gen\u00e8ve<\/p>\n        <div class=\"partenaires_content\">\n                    <\/div>\n    <\/div>\n    <\/section><\/div>\n\n\n\n<div class=\"wp-block-column is-layout-flow wp-block-column-is-layout-flow\">\n<h2 class=\"wp-block-heading\">Distribution<\/h2>\n\n\n\n<p><strong>Omar Porras<\/strong>, mise en sc\u00e8ne<br><strong>Mariana Flores<\/strong>, soprano<br><strong>Quito Gato<\/strong>, guitare, piano, arrangements<br><strong>Leonardo Garc\u00eda Alarc\u00f3n<\/strong>, direction<\/p>\n<\/div>\n<\/div>\n\n\n\n<section class=\"container titre-secondaire\">\n    <h2 class=\"\">Programme<\/h2>\n            <p><p>Programme \u00e0 venir<\/p>\n<\/p>\n    <\/section>\n\n\n<div class=\"wp-block-columns is-layout-flex wp-container-core-columns-is-layout-28f84493 wp-block-columns-is-layout-flex\">\n<div class=\"wp-block-column is-layout-flow wp-block-column-is-layout-flow\">\n<p><\/p>\n<\/div>\n\n\n\n<div class=\"wp-block-column is-layout-flow wp-block-column-is-layout-flow\">\n<p><\/p>\n<\/div>\n<\/div>\n\n\n\n<div class=\"wp-block-columns is-layout-flex wp-container-core-columns-is-layout-ef350914 wp-block-columns-is-layout-flex\" style=\"padding-top:var(--wp--preset--spacing--30);padding-bottom:var(--wp--preset--spacing--30)\">\n<div class=\"wp-block-column is-layout-flow wp-block-column-is-layout-flow\" style=\"flex-basis:100%\">\n<a class=\"link-default link-center link-circle\" href=\"https:\/\/cappellamediterranea.com\/productions\/\">\n    <div class=\"content-circle\">\n        <div class=\"circle\"><\/div>\n    <\/div>\n    <span class=\"title\">\n        D\u00e9couvrir nos autres productions    <\/span>\n<\/a>\n\n<\/div>\n<\/div>\n","protected":false},"excerpt":{"rendered":"Omar Porras, directeur du Th\u00e9\u00e2tre Kl\u00e9ber-M\u00e9leau \u00e0 Lausanne, invite Leonardo Garc\u00eda Alarc\u00f3n et Cappella Mediterranea pour une carte blanche, une cr\u00e9ation autour de leurs racines sud-am\u00e9ricaines. ","protected":false},"featured_media":8774,"parent":0,"menu_order":0,"template":"","meta":{"_acf_changed":false},"tags":[],"categorie-production":[44],"class_list":["post-8768","post-concert","type-post-concert","status-publish","has-post-thumbnail","hentry","categorie-production-concerts-en-petite-formation"],"acf":{"concerts":[{"date":"2023-12-16 17:30:00","lieu":"Lausanne, Suisse","salle_de_concert":"Th\u00e9\u00e2tre Kl\u00e9ber-M\u00e9leau","lien_de_la_billetterie":"https:\/\/www.tkm.ch\/representation\/cappella-mediterranea\/"}]},"_links":{"self":[{"href":"https:\/\/cappellamediterranea.com\/en\/wp-json\/wp\/v2\/post-concert\/8768","targetHints":{"allow":["GET"]}}],"collection":[{"href":"https:\/\/cappellamediterranea.com\/en\/wp-json\/wp\/v2\/post-concert"}],"about":[{"href":"https:\/\/cappellamediterranea.com\/en\/wp-json\/wp\/v2\/types\/post-concert"}],"version-history":[{"count":0,"href":"https:\/\/cappellamediterranea.com\/en\/wp-json\/wp\/v2\/post-concert\/8768\/revisions"}],"wp:featuredmedia":[{"embeddable":true,"href":"https:\/\/cappellamediterranea.com\/en\/wp-json\/wp\/v2\/media\/8774"}],"wp:attachment":[{"href":"https:\/\/cappellamediterranea.com\/en\/wp-json\/wp\/v2\/media?parent=8768"}],"wp:term":[{"taxonomy":"post_tag","embeddable":true,"href":"https:\/\/cappellamediterranea.com\/en\/wp-json\/wp\/v2\/tags?post=8768"},{"taxonomy":"categorie-production","embeddable":true,"href":"https:\/\/cappellamediterranea.com\/en\/wp-json\/wp\/v2\/categorie-production?post=8768"}],"curies":[{"name":"wp","href":"https:\/\/api.w.org\/{rel}","templated":true}]}}