{"id":7488,"date":"2022-12-16T16:46:06","date_gmt":"2022-12-16T15:46:06","guid":{"rendered":"https:\/\/cappellamediterranea.com\/?post_type=post-concert&#038;p=7488"},"modified":"2024-03-23T16:30:37","modified_gmt":"2024-03-23T15:30:37","slug":"equinoxes-mrl","status":"publish","type":"post-concert","link":"https:\/\/cappellamediterranea.com\/en\/production\/equinoxes-mrl\/","title":{"rendered":"\u00c9quinoxes et solstices \u00e0 la MRL"},"content":{"rendered":"\n<div class=\"wp-block-columns is-layout-flex wp-container-core-columns-is-layout-28f84493 wp-block-columns-is-layout-flex\">\n<div class=\"wp-block-column is-layout-flow wp-block-column-is-layout-flow\" style=\"flex-basis:50%\">\n<figure class=\"wp-block-image size-large\"><img loading=\"lazy\" decoding=\"async\" width=\"1024\" height=\"768\" src=\"http:\/\/cappellamediterranea.com\/wp-content\/uploads\/MRL-1-1024x768.jpeg\" alt=\"Cappella Mediterranea\" class=\"wp-image-7494\" srcset=\"https:\/\/cappellamediterranea.com\/wp-content\/uploads\/MRL-1-1024x768.jpeg 1024w, https:\/\/cappellamediterranea.com\/wp-content\/uploads\/MRL-1-300x225.jpeg 300w, https:\/\/cappellamediterranea.com\/wp-content\/uploads\/MRL-1-768x576.jpeg 768w, https:\/\/cappellamediterranea.com\/wp-content\/uploads\/MRL-1.jpeg 1200w\" sizes=\"auto, (max-width: 1024px) 100vw, 1024px\" \/><\/figure>\n<\/div>\n\n\n\n<div class=\"wp-block-column is-vertically-aligned-top is-layout-flow wp-block-column-is-layout-flow\" style=\"padding-top:0;padding-right:0;padding-bottom:0;padding-left:0;flex-basis:50%\">\n<h4 class=\"wp-block-heading\">Quatre fois dans l\u2019ann\u00e9e, aux \u00e9quinoxes et aux solstices, rendez-vous \u00e0 la Maison Rousseau &amp; Litt\u00e9rature de Gen\u00e8ve.<\/h4>\n\n\n\n<p>Un programme musical in\u00e9dit ponctu\u00e9 d\u2019interludes parl\u00e9s et philosophiques c\u00e9l\u00e8bre le passage d\u2019une saison \u00e0 l\u2019autre, comme un hymne radieux \u00e0 la nature en \u00e9cho \u00e0 l\u2019\u0153uvre de Rousseau et au Si\u00e8cle des Lumi\u00e8res.<\/p>\n<\/div>\n<\/div>\n\n\n\n<div class=\"wp-block-columns is-layout-flex wp-container-core-columns-is-layout-28f84493 wp-block-columns-is-layout-flex\">\n<div class=\"wp-block-column is-layout-flow wp-block-column-is-layout-flow\">\n<h2 class=\"wp-block-heading\">\u00c9quinoxe de printemps<\/h2>\n\n\n\n<p>En ouverture du cycle \u00c9quinoxes et solstices, Leonardo Garc\u00eda Alarc\u00f3n est heureux de pr\u00e9senter le groupe Los Azulejos bas\u00e9 \u00e0 Lausanne. Los Azulejos jouent une musique color\u00e9e, dansante et raffin\u00e9e inspir\u00e9e de la musique de Paco de Luc\u00eda et plus largement des styles flamenco et latin. Virtuoses, passionn\u00e9s et novateurs, Los Azulejos s&#8217;efforcent de repousser les limites de la fusion instrumentale flamenco en int\u00e9grant de nombreux styles, comme le blues et le classique, et en composant de nouveaux r\u00e9pertoires audacieux. C\u2019est cette grande libert\u00e9 musicale que le chef fondateur de Cappella Mediterranea a tout de suite aim\u00e9e, associ\u00e9 \u00e0 l\u2019intelligence de l\u2019approche des r\u00e9pertoires abord\u00e9s. Le pr\u00e9senter \u00e0 l\u2019occasion de l\u2019\u00e9quinoxe de printemps symbole du renouvellement de la nature \u00e0 la Maison Rousseau et Litt\u00e9rature s\u2019est pr\u00e9sent\u00e9 comme une \u00e9vidence.<\/p>\n\n\n\n<p>Deux interludes mettront \u00e0 l\u2019honneur les \u0153uvres po\u00e9tiques de Sylviane Dupuis et Martin Rueff. Les deux auteurs proposent des pistes pour exprimer, gr\u00e2ce \u00e0 la po\u00e9sie, la puissance de la vie dont les voies sont souvent indicibles.<\/p>\n<\/div>\n\n\n\n<div class=\"wp-block-column is-layout-flow wp-block-column-is-layout-flow\">\n<h2 class=\"wp-block-heading\">Solstice d&#8217;\u00e9t\u00e9<\/h2>\n\n\n\n<p>Leonardo Garc\u00eda Alarc\u00f3n nous invite \u00e0 une balade estivale bucolique \u00e0 travers un programme de madrigal italien construit autour des po\u00e8mes de P\u00e9trarque et L\u2019Arioste entre autres. Il confie la direction au luth de cette promenade po\u00e9tique \u00e0 son \u00e9l\u00e8ve Carles Dorador qui sera accompagn\u00e9 des jeunes voix les plus prometteuses de la Haute \u00c9cole de Musique de Gen\u00e8ve HEM et qui feront \u00e0 cette occasion leur entr\u00e9e au sein de l\u2019ensemble Cappella Mediterranea. La f\u00eate de la musique, sera l\u2019occasion de d\u00e9couvrir des jeunes talents tout en explorant \u00e0 nouveau les \u00e9motions humaines gr\u00e2ce \u00e0 la magie du chant et de la po\u00e9sie entrem\u00eal\u00e9e.<\/p>\n<\/div>\n<\/div>\n\n\n\n<div class=\"wp-block-columns is-layout-flex wp-container-core-columns-is-layout-28f84493 wp-block-columns-is-layout-flex\">\n<div class=\"wp-block-column is-layout-flow wp-block-column-is-layout-flow\" style=\"padding-top:0\">\n<h2 class=\"wp-block-heading\">\u00c9quinoxe d&#8217;automne<\/h2>\n\n\n\n<p>Pour l\u2019\u00e9quinoxe d\u2019automne, Leonardo Garc\u00eda Alarc\u00f3n nous propose un voyage au c\u0153ur de la musique persane en invitant Keyvan Chemirani, l\u2019un de ses meilleurs ambassadeurs, complice et ami de Cappella Mediterranea depuis les succ\u00e8s des oratorios de Falvetti Il Diluvio universale et Nabucco. Musicien extraordinaire des instruments ancestraux enseign\u00e9s par son p\u00e8re et ma\u00eetre Djamchid, comme le Zarb (percussion de ma musique persane) et le Santour Indien, (instrument \u00e0 cordes frapp\u00e9es) Keyvan Chemirani en transmet toutes les nuances, la force et l\u2019intensit\u00e9. Ce concert hors du temps sera mis en regard avec les plus belles po\u00e9sies d\u2019orient d\u2019hier et d\u2019aujourd\u2019hui.<\/p>\n<\/div>\n\n\n\n<div class=\"wp-block-column is-layout-flow wp-block-column-is-layout-flow\">\n<h2 class=\"wp-block-heading\">Solstice d&#8217;hiver<\/h2>\n\n\n\n<p>Pour le solstice d\u2019hiver, Leonardo Garc\u00eda Alarc\u00f3n nous invite \u00e0 vivre une musique ensoleill\u00e9e baign\u00e9e des lumi\u00e8res du sud. Le voyage nous portera de la p\u00e9ninsule ib\u00e9rique jusqu\u2019\u00e0 l\u2019Am\u00e9rique du Sud, retra\u00e7ant les liens ind\u00e9fectibles entre les deux continents, pour explorer les influences mutuelles entre musiques europ\u00e9ennes et latino-am\u00e9ricaines, entre musiques savantes et populaires, mais aussi entre musiques anciennes et modernes.<\/p>\n<\/div>\n<\/div>\n\n\n\n<div class=\"wp-block-columns is-layout-flex wp-container-core-columns-is-layout-28f84493 wp-block-columns-is-layout-flex\">\n<div class=\"wp-block-column is-layout-flow wp-block-column-is-layout-flow\">\n<div class=\"wp-block-columns is-layout-flex wp-container-core-columns-is-layout-28f84493 wp-block-columns-is-layout-flex\">\n<div class=\"wp-block-column is-layout-flow wp-block-column-is-layout-flow\" style=\"flex-basis:100%\">\n<div class=\"wp-block-columns is-layout-flex wp-container-core-columns-is-layout-28f84493 wp-block-columns-is-layout-flex\">\n<div class=\"wp-block-column is-layout-flow wp-block-column-is-layout-flow\" style=\"flex-basis:100%\">\n<a class=\"link-default link-center link-circle\" href=\"https:\/\/cappellamediterranea.com\/productions\/\">\n    <div class=\"content-circle\">\n        <div class=\"circle\"><\/div>\n    <\/div>\n    <span class=\"title\">\n        D\u00e9couvrir les autres productions    <\/span>\n<\/a>\n\n<\/div>\n<\/div>\n<\/div>\n<\/div>\n<\/div>\n<\/div>\n","protected":false},"excerpt":{"rendered":"Quatre fois dans l\u2019ann\u00e9e, aux \u00e9quinoxes et aux solstices, rendez-vous \u00e0 la Maison Rousseau &#038; Litt\u00e9rature de Gen\u00e8ve.","protected":false},"featured_media":7496,"parent":0,"menu_order":0,"template":"","meta":{"_acf_changed":false},"tags":[],"categorie-production":[46],"class_list":["post-7488","post-concert","type-post-concert","status-publish","has-post-thumbnail","hentry","categorie-production-les-solistes-de-cappella-mediterranea"],"acf":{"concerts":[{"date":"2022-12-16 12:30:00","lieu":"Gen\u00e8ve, Suisse","salle_de_concert":"Maison Rousseau & Litt\u00e9rature","lien_de_la_billetterie":""},{"date":"2022-09-17 18:00:00","lieu":"Gen\u00e8ve, Suisse","salle_de_concert":"Maison Rousseau & Litt\u00e9rature","lien_de_la_billetterie":""},{"date":"2022-06-25 18:00:00","lieu":"Gen\u00e8ve, Suisse","salle_de_concert":"Maison Rousseau & Litt\u00e9rature","lien_de_la_billetterie":""},{"date":"2022-03-26 18:00:00","lieu":"Gen\u00e8ve, Suisse","salle_de_concert":"Maison Rousseau & Litt\u00e9rature","lien_de_la_billetterie":""}]},"_links":{"self":[{"href":"https:\/\/cappellamediterranea.com\/en\/wp-json\/wp\/v2\/post-concert\/7488","targetHints":{"allow":["GET"]}}],"collection":[{"href":"https:\/\/cappellamediterranea.com\/en\/wp-json\/wp\/v2\/post-concert"}],"about":[{"href":"https:\/\/cappellamediterranea.com\/en\/wp-json\/wp\/v2\/types\/post-concert"}],"version-history":[{"count":0,"href":"https:\/\/cappellamediterranea.com\/en\/wp-json\/wp\/v2\/post-concert\/7488\/revisions"}],"wp:featuredmedia":[{"embeddable":true,"href":"https:\/\/cappellamediterranea.com\/en\/wp-json\/wp\/v2\/media\/7496"}],"wp:attachment":[{"href":"https:\/\/cappellamediterranea.com\/en\/wp-json\/wp\/v2\/media?parent=7488"}],"wp:term":[{"taxonomy":"post_tag","embeddable":true,"href":"https:\/\/cappellamediterranea.com\/en\/wp-json\/wp\/v2\/tags?post=7488"},{"taxonomy":"categorie-production","embeddable":true,"href":"https:\/\/cappellamediterranea.com\/en\/wp-json\/wp\/v2\/categorie-production?post=7488"}],"curies":[{"name":"wp","href":"https:\/\/api.w.org\/{rel}","templated":true}]}}