{"id":6916,"date":"2018-07-21T14:45:23","date_gmt":"2018-07-21T12:45:23","guid":{"rendered":"https:\/\/cappellamediterranea.com\/?post_type=post-concert&#038;p=6916"},"modified":"2024-03-26T18:35:03","modified_gmt":"2024-03-26T17:35:03","slug":"king_arthur_et_la_pop","status":"publish","type":"post-concert","link":"https:\/\/cappellamediterranea.com\/en\/production\/king_arthur_et_la_pop\/","title":{"rendered":"&#8220;King Arthur&#8221; et la pop rock anglaise ! &#8211; 2018"},"content":{"rendered":"\n<div class=\"wp-block-columns is-layout-flex wp-container-core-columns-is-layout-28f84493 wp-block-columns-is-layout-flex\">\n<div class=\"wp-block-column is-layout-flow wp-block-column-is-layout-flow\" style=\"flex-basis:50%\">\n<figure class=\"wp-block-image size-full\"><img loading=\"lazy\" decoding=\"async\" width=\"640\" height=\"480\" src=\"http:\/\/cappellamediterranea.com\/wp-content\/uploads\/Pedago-St-Genis-2018-4-rotated.jpg\" alt=\"Action p\u00e9dagogique 2018, King Arthur, Saint Genis Pouilly, Leonardo Garc\u00eda Alarc\u00f3n, Cappella Mediterranea\" class=\"wp-image-6917\" srcset=\"https:\/\/cappellamediterranea.com\/wp-content\/uploads\/Pedago-St-Genis-2018-4-rotated.jpg 640w, https:\/\/cappellamediterranea.com\/wp-content\/uploads\/Pedago-St-Genis-2018-4-300x225.jpg 300w\" sizes=\"auto, (max-width: 640px) 100vw, 640px\" \/><\/figure>\n<\/div>\n\n\n\n<div class=\"wp-block-column is-vertically-aligned-top is-layout-flow wp-block-column-is-layout-flow\" style=\"padding-top:0;padding-right:0;padding-bottom:0;padding-left:0;flex-basis:50%\">\n<h4 class=\"wp-block-heading\">En 2018 Cappella Mediterranea a poursuivi son partenariat avec le coll\u00e8ge Jacques Pr\u00e9vert de Saint Genis Pouilly&nbsp;en proposant des actions p\u00e9dagogiques in\u00e9dites m\u00e9c\u00e8n\u00e9es une nouvelle fois par La Caisse d\u2019\u00c9pargne Rh\u00f4ne-Alpes.&nbsp;<\/h4>\n<\/div>\n<\/div>\n\n\n\n<div class=\"wp-block-columns is-layout-flex wp-container-core-columns-is-layout-28f84493 wp-block-columns-is-layout-flex\">\n<div class=\"wp-block-column is-layout-flow wp-block-column-is-layout-flow\">\n<h2 class=\"wp-block-heading\">\u00c0 propos<\/h2>\n\n\n\n<p>Fabi\u00e1n&nbsp;Schofrin, co fondateur de&nbsp;l\u2019ensemble&nbsp;et assistant artistique du chef Leonardo Garc\u00eda Alarc\u00f3n, et Jacopo Raffaele claveciniste des grandes productions lyriques de Cappella Mediterranea sont venus&nbsp;quelques&nbsp;jours avant les r\u00e9p\u00e9titions, les&nbsp;15&nbsp;et 16 mars travailler avec une trentaine de jeunes coll\u00e9giens&nbsp;en classe de&nbsp;5\u00e8me de&nbsp;l\u2019\u00e9tablissement&nbsp;Jacques&nbsp;Pr\u00e9vert de Saint- Genis Pouilly.<\/p>\n<\/div>\n\n\n\n<div class=\"wp-block-column is-vertically-aligned-bottom is-layout-flow wp-block-column-is-layout-flow\">\n<figure class=\"wp-block-embed is-type-video is-provider-youtube wp-block-embed-youtube wp-embed-aspect-16-9 wp-has-aspect-ratio\"><div class=\"wp-block-embed__wrapper\">\n<iframe loading=\"lazy\" title=\"Les coll\u00e9giens \u00e0 la d\u00e9couverte de King Arthur \u00e0 Gen\u00e8ve\" width=\"500\" height=\"281\" src=\"https:\/\/www.youtube.com\/embed\/lX1X2gmKn4I?feature=oembed\" frameborder=\"0\" allow=\"accelerometer; autoplay; clipboard-write; encrypted-media; gyroscope; picture-in-picture; web-share\" referrerpolicy=\"strict-origin-when-cross-origin\" allowfullscreen><\/iframe>\n<\/div><\/figure>\n<\/div>\n<\/div>\n\n\n\n<div class=\"wp-block-columns is-layout-flex wp-container-core-columns-is-layout-28f84493 wp-block-columns-is-layout-flex\">\n<div class=\"wp-block-column is-layout-flow wp-block-column-is-layout-flow\" style=\"padding-top:0\">\n<h2 class=\"wp-block-heading\">Programme<\/h2>\n\n\n\n<ul class=\"wp-block-list\">\n<li>Discussion autour de l\u2019Op\u00e9ra&nbsp;<em>King Arthur<\/em>&nbsp;de Purcell en pleine cr\u00e9ation avec le Grand Th\u00e9\u00e2tre de Gen\u00e8ve \u00e0 l\u2019Op\u00e9ra des Nations sous un angle in\u00e9dit.<\/li>\n<\/ul>\n\n\n\n<ul class=\"wp-block-list\">\n<li>R\u00e9v\u00e9lations sur la pop rock anglaise avec ses inspirations tir\u00e9es de la musique ancienne !<\/li>\n<\/ul>\n\n\n\n<ul class=\"wp-block-list\">\n<li>Invitation \u00e0 chanter en chorale deux grands airs de l\u2019op\u00e9ra&nbsp;:&nbsp;&nbsp;\u201cHow blest are shepherds\u201d&nbsp;&nbsp;et \u201c Fairest Isle.\u201d<\/li>\n<\/ul>\n\n\n\n<p>Les \u00e9l\u00e8ves ont ensuite \u00e9t\u00e9 convi\u00e9s apr\u00e8s les vacances de Printemps \u00e0 une journ\u00e9e de d\u00e9couverte de cette production \u00e0 Gen\u00e8ve&nbsp;:<\/p>\n\n\n\n<p>Visites des ateliers des costumes et des d\u00e9cors de Sainte Clotilde puis de l\u2019Op\u00e9ra des Nations, suivies d\u2019une rencontre avec le chef Leonardo Garc\u00eda Alarc\u00f3n avant que les \u00e9l\u00e8ves aient eu acc\u00e8s \u00e0 la \u00ab&nbsp;pr\u00e9 g\u00e9n\u00e9rale&nbsp;\u00bb de la nouvelle production&nbsp;<em>King Arthur<\/em>&nbsp;de Purcell ferm\u00e9e au public&nbsp;!<\/p>\n\n\n\n<div class=\"wp-block-columns is-layout-flex wp-container-core-columns-is-layout-28f84493 wp-block-columns-is-layout-flex\">\n<div class=\"wp-block-column is-layout-flow wp-block-column-is-layout-flow\" style=\"padding-top:var(--wp--preset--spacing--30);flex-basis:100%\">\n<a class=\"link-default link-center link-circle\" href=\"https:\/\/cappellamediterranea.com\/productions\/\">\n    <div class=\"content-circle\">\n        <div class=\"circle\"><\/div>\n    <\/div>\n    <span class=\"title\">\n        En savoir plus sur nos actions p\u00e9dagogiques (lien \u00e0 changer)    <\/span>\n<\/a>\n\n<\/div>\n<\/div>\n<\/div>\n\n\n\n<div class=\"wp-block-column is-layout-flow wp-block-column-is-layout-flow\">\n<h2 class=\"wp-block-heading\">Distribution<\/h2>\n\n\n\n<p><strong>Fabi\u00e1n Schofrin, <\/strong>assistant artistique<br><strong>Jacopo Raffaele<\/strong>, claveciniste<strong><br>Leonardo Garc\u00eda Alarc\u00f3n<\/strong>, directeur artistique<\/p>\n\n\n\n<p><strong>Cappella Mediterranea<\/strong><\/p>\n\n\n\n<div class=\"wp-block-columns is-layout-flex wp-container-core-columns-is-layout-28f84493 wp-block-columns-is-layout-flex\">\n<div class=\"wp-block-column is-layout-flow wp-block-column-is-layout-flow\" style=\"flex-basis:100%\">\n<div class=\"wp-block-columns is-layout-flex wp-container-core-columns-is-layout-328c6305 wp-block-columns-is-layout-flex\" style=\"padding-top:var(--wp--preset--spacing--30)\">\n<div class=\"wp-block-column is-layout-flow wp-block-column-is-layout-flow\" style=\"flex-basis:100%\">\n<a class=\"link-default link-center link-circle\" href=\"https:\/\/cappellamediterranea.com\/productions\/\">\n    <div class=\"content-circle\">\n        <div class=\"circle\"><\/div>\n    <\/div>\n    <span class=\"title\">\n        D\u00e9couvrir les autres productions    <\/span>\n<\/a>\n\n<\/div>\n<\/div>\n<\/div>\n<\/div>\n<\/div>\n<\/div>\n\n\n\n<div class=\"wp-block-columns is-layout-flex wp-container-core-columns-is-layout-28f84493 wp-block-columns-is-layout-flex\">\n<div class=\"wp-block-column is-layout-flow wp-block-column-is-layout-flow\">\n<div class=\"wp-block-columns is-layout-flex wp-container-core-columns-is-layout-28f84493 wp-block-columns-is-layout-flex\">\n<div class=\"wp-block-column is-layout-flow wp-block-column-is-layout-flow\" style=\"flex-basis:100%\">\n<figure class=\"wp-block-gallery has-nested-images columns-default is-cropped wp-block-gallery-1 is-layout-flex wp-block-gallery-is-layout-flex\">\n<figure class=\"wp-block-image size-large is-style-default\"><img loading=\"lazy\" decoding=\"async\" width=\"640\" height=\"480\" data-id=\"6923\" src=\"https:\/\/cappellamediterranea.com\/wp-content\/uploads\/Pedago-St-Genis-2018-8-rotated.jpg\" alt=\"Action p\u00e9dagogique 2018, King Arthur, Saint Genis Pouilly, Leonardo Garc\u00eda Alarc\u00f3n, Cappella Mediterranea\" class=\"wp-image-6923\" srcset=\"https:\/\/cappellamediterranea.com\/wp-content\/uploads\/Pedago-St-Genis-2018-8-rotated.jpg 640w, https:\/\/cappellamediterranea.com\/wp-content\/uploads\/Pedago-St-Genis-2018-8-300x225.jpg 300w\" sizes=\"auto, (max-width: 640px) 100vw, 640px\" \/><\/figure>\n\n\n\n<figure class=\"wp-block-image size-large\"><img loading=\"lazy\" decoding=\"async\" width=\"480\" height=\"640\" data-id=\"6921\" src=\"https:\/\/cappellamediterranea.com\/wp-content\/uploads\/Pedago-St-Genis-2018-7-rotated.jpg\" alt=\"Action p\u00e9dagogique 2018, King Arthur, Saint Genis Pouilly, Leonardo Garc\u00eda Alarc\u00f3n, Cappella Mediterranea\" class=\"wp-image-6921\" srcset=\"https:\/\/cappellamediterranea.com\/wp-content\/uploads\/Pedago-St-Genis-2018-7-rotated.jpg 480w, https:\/\/cappellamediterranea.com\/wp-content\/uploads\/Pedago-St-Genis-2018-7-225x300.jpg 225w\" sizes=\"auto, (max-width: 480px) 100vw, 480px\" \/><\/figure>\n\n\n\n<figure class=\"wp-block-image size-large\"><img loading=\"lazy\" decoding=\"async\" width=\"640\" height=\"480\" data-id=\"6919\" src=\"https:\/\/cappellamediterranea.com\/wp-content\/uploads\/Pedago-St-Genis-2018-5-rotated.jpg\" alt=\"Action p\u00e9dagogique 2018, King Arthur, Saint Genis Pouilly, Leonardo Garc\u00eda Alarc\u00f3n, Cappella Mediterranea\" class=\"wp-image-6919\" srcset=\"https:\/\/cappellamediterranea.com\/wp-content\/uploads\/Pedago-St-Genis-2018-5-rotated.jpg 640w, https:\/\/cappellamediterranea.com\/wp-content\/uploads\/Pedago-St-Genis-2018-5-300x225.jpg 300w\" sizes=\"auto, (max-width: 640px) 100vw, 640px\" \/><\/figure>\n<\/figure>\n\n\n\n\n<section class=\"container partenaires-telechargements no-file\">\n\n    <div class=\"partenaires\">\n        <h3>Nos partenaires<\/h3>\n        <div class=\"partenaires_content\">\n                            <div class=\"partenaire_item\" data-call-modal=\"caisse-depargne-ra-2\">\n                    <img decoding=\"async\" loading=\"lazy\" width=\"500\" height=\"350\" src=\"https:\/\/cappellamediterranea.com\/wp-content\/uploads\/Caisse-depargne-RA-e1686899986286.jpeg\" alt=\"\">\n                <\/div>\n\n                <div class=\"modal\" style=\"visibility: hidden;\" data-modal=\"caisse-depargne-ra-2\">\n                    <div class=\"content-modal col1\">\n                        <img decoding=\"async\" loading=\"lazy\" width=\"500\" height=\"350\" src=\"https:\/\/cappellamediterranea.com\/wp-content\/uploads\/Caisse-depargne-RA-e1686899986286.jpeg\" alt=\"\" title=\"Caisse d'\u00e9pargne RA\" >\n                        <p>La caisse d\u2019\u00e9pargne Rh\u00f4ne Alpes est m\u00e9c\u00e8ne des activit\u00e9s p\u00e9dagogiques de Cappella Mediterranea en r\u00e9gion Rh\u00f4ne Alpes.<\/p>\n                        <span class=\"icon-close\"><\/span>\n                    <\/div>\n                <\/div>\n\n                            <div class=\"partenaire_item\" data-call-modal=\"logo-st-genis-pouilly-2\">\n                    <img decoding=\"async\" loading=\"lazy\" width=\"221\" height=\"211\" src=\"https:\/\/cappellamediterranea.com\/wp-content\/uploads\/logo-st-genis-pouilly-e1689941574964.jpeg\" alt=\"\">\n                <\/div>\n\n                <div class=\"modal\" style=\"visibility: hidden;\" data-modal=\"logo-st-genis-pouilly-2\">\n                    <div class=\"content-modal col1\">\n                        <img decoding=\"async\" loading=\"lazy\" width=\"221\" height=\"211\" src=\"https:\/\/cappellamediterranea.com\/wp-content\/uploads\/logo-st-genis-pouilly-e1689941574964.jpeg\" alt=\"\" title=\"logo-st-genis-pouilly\" >\n                                                <span class=\"icon-close\"><\/span>\n                    <\/div>\n                <\/div>\n\n                    <\/div>\n    <\/div>\n    <\/section><\/div>\n<\/div>\n<\/div>\n<\/div>\n\n\n\n<p><\/p>\n","protected":false},"excerpt":{"rendered":"En 2018 Cappella Mediterranea a poursuivi son partenariat avec le coll\u00e8ge Jacques Pr\u00e9vert de Saint Genis Pouilly\u00a0en proposant des actions p\u00e9dagogiques in\u00e9dites m\u00e9c\u00e8n\u00e9es une nouvelle fois par La Caisse d\u2019\u00c9pargne Rh\u00f4ne-Alpes.\u00a0","protected":false},"featured_media":6917,"parent":0,"menu_order":0,"template":"","meta":{"_acf_changed":false},"tags":[],"categorie-production":[42],"class_list":["post-6916","post-concert","type-post-concert","status-publish","has-post-thumbnail","hentry","categorie-production-concert-pedagogique"],"acf":{"concerts":null},"_links":{"self":[{"href":"https:\/\/cappellamediterranea.com\/en\/wp-json\/wp\/v2\/post-concert\/6916","targetHints":{"allow":["GET"]}}],"collection":[{"href":"https:\/\/cappellamediterranea.com\/en\/wp-json\/wp\/v2\/post-concert"}],"about":[{"href":"https:\/\/cappellamediterranea.com\/en\/wp-json\/wp\/v2\/types\/post-concert"}],"version-history":[{"count":0,"href":"https:\/\/cappellamediterranea.com\/en\/wp-json\/wp\/v2\/post-concert\/6916\/revisions"}],"wp:featuredmedia":[{"embeddable":true,"href":"https:\/\/cappellamediterranea.com\/en\/wp-json\/wp\/v2\/media\/6917"}],"wp:attachment":[{"href":"https:\/\/cappellamediterranea.com\/en\/wp-json\/wp\/v2\/media?parent=6916"}],"wp:term":[{"taxonomy":"post_tag","embeddable":true,"href":"https:\/\/cappellamediterranea.com\/en\/wp-json\/wp\/v2\/tags?post=6916"},{"taxonomy":"categorie-production","embeddable":true,"href":"https:\/\/cappellamediterranea.com\/en\/wp-json\/wp\/v2\/categorie-production?post=6916"}],"curies":[{"name":"wp","href":"https:\/\/api.w.org\/{rel}","templated":true}]}}