{"id":6802,"date":"2021-07-17T10:27:09","date_gmt":"2021-07-17T08:27:09","guid":{"rendered":"https:\/\/cappellamediterranea.com\/?post_type=post-concert&#038;p=6802"},"modified":"2025-05-16T16:05:22","modified_gmt":"2025-05-16T14:05:22","slug":"lga-haendel-semele","status":"publish","type":"post-concert","link":"https:\/\/cappellamediterranea.com\/en\/production\/lga-haendel-semele\/","title":{"rendered":"Haendel, S\u00e9m\u00e9l\u00e9"},"content":{"rendered":"\n<div class=\"wp-block-columns is-layout-flex wp-container-core-columns-is-layout-28f84493 wp-block-columns-is-layout-flex\">\n<div class=\"wp-block-column is-layout-flow wp-block-column-is-layout-flow\" style=\"flex-basis:50%\">\n<figure class=\"wp-block-image size-large is-resized\"><img loading=\"lazy\" decoding=\"async\" width=\"805\" height=\"1024\" src=\"https:\/\/cappellamediterranea.com\/wp-content\/uploads\/LGA-2021-10-15_Vepres_Massy-FrancoisdeMaleissye_CappellaMediterranea-16-805x1024.jpg\" alt=\"\" class=\"wp-image-12576\" style=\"aspect-ratio:3\/2;object-fit:cover;width:561px;height:auto\"\/><\/figure>\n<\/div>\n\n\n\n<div class=\"wp-block-column is-vertically-aligned-top is-layout-constrained wp-container-core-column-is-layout-254f1302 wp-block-column-is-layout-constrained\" style=\"padding-top:0;padding-right:0;padding-bottom:0;padding-left:0;flex-basis:50%\">\n<h4 class=\"wp-block-heading\" style=\"text-transform:none\"><strong>Apr\u00e8s le somptueux\u00a0<em>Samson<\/em>\u00a0de H\u00e4ndel et le poignant\u00a0<em>Saul<\/em>\u00a0sous la direction inspir\u00e9e de Leonardo Garc\u00eda-Alarc\u00f3n, voici un autre oratorio vivifiant avec les merveilleux ensembles Namurois en grands effectifs aux c\u00f4tes du continuo de Cappella Mediterranea.<\/strong><\/h4>\n\n\n\n<p>La sensibilit\u00e9 de Leonardo Garc\u00eda-Alarc\u00f3n apport\u00e9e \u00e0 cette partition monumentale nous promet une soir\u00e9e vibrante et r\u00e9g\u00e9n\u00e9ratrice.<\/p>\n<\/div>\n<\/div>\n\n\n\n<div class=\"wp-block-columns is-layout-flex wp-container-core-columns-is-layout-28f84493 wp-block-columns-is-layout-flex\">\n<div class=\"wp-block-column is-layout-flow wp-block-column-is-layout-flow\">\n<h2 class=\"wp-block-heading\">Les amours de Jupiter<\/h2>\n\n\n\n<p>C\u2019est bien connu, Jupiter est un coureur de jupons\u2026 et il en co\u00fbtera \u00e0 Semele de tenter de r\u00e9sister \u00e0 ses charmes ! Adapt\u00e9e des <em>M\u00e9tamorphoses<\/em> d\u2019Ovide, <em>S\u00e9m\u00e9l\u00e9<\/em> de Handel est \u00e0 la fronti\u00e8re entre l\u2019op\u00e9ra et l\u2019oratorio.<\/p>\n\n\n\n<p>Avec <em>S\u00e9m\u00e9l\u00e9<\/em>, H\u00e4ndel succombe \u00e0 la tentation d\u2019\u00e9crire un op\u00e9ra anglais. Compos\u00e9e en 1743 et cr\u00e9\u00e9e en 1744 au Covent Garden Theatre, l\u2019oeuvre reste une des plus belles pages lyriques de Georg Friedrich H\u00e4ndel. Le livret, \u00e9crit par Newburgh Hamilton sur des textes de William Congreve, raconte les amours de S\u00e9m\u00e9l\u00e9, m\u00e8re de Dionysos, et de Jupiter, ce dernier la capturant en prenant la forme d\u2019un aigle. C\u2019est oublier un peu vite, de la part du Dieu tout-puissant, la col\u00e8re de sa femme Junon, qui usera de toute sa magie pour faire \u00e9chouer l\u2019idylle. Op\u00e9ra ou oratorio profane, l\u2019oeuvre contient nombre de sc\u00e8nes et d\u2019airs amoureux (dont le magnifique \u00ab Endless pleasure, endless love \u00bb) sensuels et charmants.<\/p>\n<\/div>\n\n\n\n<div class=\"wp-block-column is-vertically-aligned-bottom is-layout-flow wp-block-column-is-layout-flow\">\n<div class=\"wp-block-columns is-layout-flex wp-container-core-columns-is-layout-28f84493 wp-block-columns-is-layout-flex\">\n<div class=\"wp-block-column is-vertically-aligned-bottom is-layout-flow wp-block-column-is-layout-flow\">\n<figure class=\"wp-block-embed is-type-video is-provider-youtube wp-block-embed-youtube wp-embed-aspect-16-9 wp-has-aspect-ratio\"><div class=\"wp-block-embed__wrapper\">\n<iframe loading=\"lazy\" title=\"Le Semele de Leonardo Garc\u00eda Alarc\u00f3n\" width=\"500\" height=\"281\" src=\"https:\/\/www.youtube.com\/embed\/hCuNCpJh8zs?feature=oembed\" frameborder=\"0\" allow=\"accelerometer; autoplay; clipboard-write; encrypted-media; gyroscope; picture-in-picture; web-share\" referrerpolicy=\"strict-origin-when-cross-origin\" allowfullscreen><\/iframe>\n<\/div><\/figure>\n<\/div>\n<\/div>\n<\/div>\n<\/div>\n\n\n\n<div class=\"wp-block-columns is-layout-flex wp-container-core-columns-is-layout-28f84493 wp-block-columns-is-layout-flex\">\n<div class=\"wp-block-column is-layout-flow wp-block-column-is-layout-flow\">\n<h2 class=\"wp-block-heading\">Programme<\/h2>\n\n\n\n<p><strong>Semele<\/strong><\/p>\n\n\n\n<p><strong>George Frideric Handel<\/strong><\/p>\n\n\n\n<div class=\"wp-block-columns is-layout-flex wp-container-core-columns-is-layout-328c6305 wp-block-columns-is-layout-flex\" style=\"padding-top:var(--wp--preset--spacing--30)\">\n<div class=\"wp-block-column is-layout-flow wp-block-column-is-layout-flow\" style=\"flex-basis:100%\">\n<a class=\"link-default link-center link-circle\" href=\"https:\/\/cappellamediterranea.com\/productions\/\">\n    <div class=\"content-circle\">\n        <div class=\"circle\"><\/div>\n    <\/div>\n    <span class=\"title\">\n        D\u00e9couvrir les autres productions    <\/span>\n<\/a>\n\n<\/div>\n<\/div>\n<\/div>\n\n\n\n<div class=\"wp-block-column is-layout-flow wp-block-column-is-layout-flow\">\n<h2 class=\"wp-block-heading\">Distribution<\/h2>\n\n\n\n<ul class=\"wp-block-list\">\n<li><strong>Ana Maria Labin<\/strong>, soprano<\/li>\n\n\n\n<li><strong>Matthew Newlin<\/strong>, t\u00e9nor<\/li>\n\n\n\n<li><strong>Dara Savinova<\/strong>, mezzo-soprano<\/li>\n\n\n\n<li><strong>Chiara Skerath<\/strong>, soprano<\/li>\n\n\n\n<li><strong>Christopher Lowrey<\/strong>, contre-t\u00e9nor<\/li>\n\n\n\n<li><strong>Callum Thorpe<\/strong>, basse<\/li>\n<\/ul>\n\n\n\n<ul class=\"wp-block-list\">\n<li><strong>Choeur de Chambre de Namur<\/strong><\/li>\n\n\n\n<li><strong>Cappella Mediterranea<\/strong> &#8211; Continuo<\/li>\n\n\n\n<li><strong>Millenium Orchestra<\/strong><\/li>\n\n\n\n<li><strong>Leonardo Garc\u00eda-Alarc\u00f3n<\/strong>, direction<\/li>\n<\/ul>\n<\/div>\n<\/div>\n","protected":false},"excerpt":{"rendered":"Apr\u00e8s le somptueux\u00a0Samson\u00a0de Handel et le poignant\u00a0Saul\u00a0sous la direction inspir\u00e9e de Leonardo Garc\u00eda Alarc\u00f3n, voici un autre oratorio vivifiant avec les merveilleux ensembles ? Namurois en grands effectifs aux c\u00f4tes du continuo de Cappella Mediterranea.","protected":false},"featured_media":12576,"parent":0,"menu_order":0,"template":"","meta":{"_acf_changed":false},"tags":[],"categorie-production":[45],"class_list":["post-6802","post-concert","type-post-concert","status-publish","has-post-thumbnail","hentry","categorie-production-leonardo-garcia-alarcon"],"acf":{"concerts":[{"date":"2021-07-17 21:00:00","lieu":"Beaune, France","salle_de_concert":"Cour des Hospices","lien_de_la_billetterie":""},{"date":"2021-07-14 20:00:00","lieu":"Namur, Belgique","salle_de_concert":"Grand Man\u00e8ge","lien_de_la_billetterie":""}]},"_links":{"self":[{"href":"https:\/\/cappellamediterranea.com\/en\/wp-json\/wp\/v2\/post-concert\/6802","targetHints":{"allow":["GET"]}}],"collection":[{"href":"https:\/\/cappellamediterranea.com\/en\/wp-json\/wp\/v2\/post-concert"}],"about":[{"href":"https:\/\/cappellamediterranea.com\/en\/wp-json\/wp\/v2\/types\/post-concert"}],"version-history":[{"count":0,"href":"https:\/\/cappellamediterranea.com\/en\/wp-json\/wp\/v2\/post-concert\/6802\/revisions"}],"wp:featuredmedia":[{"embeddable":true,"href":"https:\/\/cappellamediterranea.com\/en\/wp-json\/wp\/v2\/media\/12576"}],"wp:attachment":[{"href":"https:\/\/cappellamediterranea.com\/en\/wp-json\/wp\/v2\/media?parent=6802"}],"wp:term":[{"taxonomy":"post_tag","embeddable":true,"href":"https:\/\/cappellamediterranea.com\/en\/wp-json\/wp\/v2\/tags?post=6802"},{"taxonomy":"categorie-production","embeddable":true,"href":"https:\/\/cappellamediterranea.com\/en\/wp-json\/wp\/v2\/categorie-production?post=6802"}],"curies":[{"name":"wp","href":"https:\/\/api.w.org\/{rel}","templated":true}]}}