{"id":6760,"date":"2016-02-29T16:59:32","date_gmt":"2016-02-29T15:59:32","guid":{"rendered":"https:\/\/cappellamediterranea.com\/?post_type=post-concert&#038;p=6760"},"modified":"2025-05-19T12:24:31","modified_gmt":"2025-05-19T10:24:31","slug":"haendel-alcina-geneve","status":"publish","type":"post-concert","link":"https:\/\/cappellamediterranea.com\/en\/production\/haendel-alcina-geneve\/","title":{"rendered":"Haendel, Alcina"},"content":{"rendered":"\n<div class=\"wp-block-columns is-layout-flex wp-container-core-columns-is-layout-28f84493 wp-block-columns-is-layout-flex\">\n<div class=\"wp-block-column is-layout-flow wp-block-column-is-layout-flow\" style=\"flex-basis:50%\">\n<figure class=\"wp-block-image size-large\"><img loading=\"lazy\" decoding=\"async\" width=\"1024\" height=\"683\" src=\"http:\/\/cappellamediterranea.com\/wp-content\/uploads\/Alcina-Geneve-2-1024x683.jpg\" alt=\"\" class=\"wp-image-6764\" srcset=\"https:\/\/cappellamediterranea.com\/wp-content\/uploads\/Alcina-Geneve-2-1024x683.jpg 1024w, https:\/\/cappellamediterranea.com\/wp-content\/uploads\/Alcina-Geneve-2-300x200.jpg 300w, https:\/\/cappellamediterranea.com\/wp-content\/uploads\/Alcina-Geneve-2-768x512.jpg 768w, https:\/\/cappellamediterranea.com\/wp-content\/uploads\/Alcina-Geneve-2.jpg 1200w\" sizes=\"auto, (max-width: 1024px) 100vw, 1024px\" \/><\/figure>\n<\/div>\n\n\n\n<div class=\"wp-block-column is-vertically-aligned-top is-layout-constrained wp-container-core-column-is-layout-254f1302 wp-block-column-is-layout-constrained\" style=\"padding-top:0;padding-right:0;padding-bottom:0;padding-left:0;flex-basis:50%\">\n<h4 class=\"wp-block-heading\">En f\u00e9vrier 2016, Cappella Mediterranea a assur\u00e9 le continuo sur cette production de l&#8217;Op\u00e9ra de Gen\u00e8ve dirig\u00e9e par Leonardo Garc\u00eda-Alarc\u00f3n avec l&#8217;Orchestre de la Suisse Romande.\u00a0<\/h4>\n\n\n\n<blockquote class=\"wp-block-quote is-layout-flow wp-block-quote-is-layout-flow\">\n<p><em>&#8220;Alcina est une figure qui permet de mettre en sc\u00e8ne l&#8217;ambivalence \u00e9motionnelle, tr\u00e8s appr\u00e9ci\u00e9e \u00e0 l&#8217;\u00e9poque baroque. Elle fascine. C&#8217;est \u00e0 la fois la beaut\u00e9 incarn\u00e9e, et , si on la regarde de plus pr\u00e8s, un monstre. Avec le metteur en sc\u00e8ne David B\u00f6sch, nous avons beaucoup travaill\u00e9 sur cette ambigu\u00eft\u00e9 et la fa\u00e7on dont elle passe de la beaut\u00e9 \u00e0 la d\u00e9cr\u00e9pitude, dans le livret comme dans la musique&#8221;. <\/em><\/p>\n<cite><strong>Leonardo Garc\u00eda-Alarc\u00f3n, propos recueillis par Sophie Barenne pour Op\u00e9ration<\/strong><\/cite><\/blockquote>\n<\/div>\n<\/div>\n\n\n\n<div class=\"wp-block-columns is-layout-flex wp-container-core-columns-is-layout-28f84493 wp-block-columns-is-layout-flex\">\n<div class=\"wp-block-column is-layout-flow wp-block-column-is-layout-flow\">\n<h2 class=\"wp-block-heading\">L&#8217;Orlando furioso<\/h2>\n\n\n\n<p>Sur son \u00eele, l\u2019enchanteresse Alcina use de ses pouvoirs magiques pour s\u00e9duire des chevaliers avant de les p\u00e9trifier ou de les transformer en animaux. Comme pour Orlando et Ariodante, Haendel puise dans <em>l\u2019Orlando furioso<\/em>, po\u00e8me \u00e9pique de l\u2019Arioste qui a inspir\u00e9 tant de compositeurs du XVIII\u00e8me si\u00e8cle.&nbsp;Dans ce troisi\u00e8me \u00ab op\u00e9ra magique \u00bb, mal\u00e9fices sensuels et amours crois\u00e9s sont autant d\u2019obstacles pour Bradamante qui tente de tirer son amant Ruggiero de l\u2019enchantement dans lequel l\u2019a plong\u00e9 la magicienne Alcina.<\/p>\n<\/div>\n\n\n\n<div class=\"wp-block-column is-vertically-aligned-bottom is-layout-flow wp-block-column-is-layout-flow\">\n<div class=\"wp-block-columns is-layout-flex wp-container-core-columns-is-layout-28f84493 wp-block-columns-is-layout-flex\">\n<div class=\"wp-block-column is-layout-flow wp-block-column-is-layout-flow\">\n<figure class=\"wp-block-embed is-type-video is-provider-youtube wp-block-embed-youtube wp-embed-aspect-16-9 wp-has-aspect-ratio\"><div class=\"wp-block-embed__wrapper\">\n<iframe loading=\"lazy\" title=\"Alcina - Teaser (Grand Th\u00e9\u00e2tre de Gen\u00e8ve)\" width=\"500\" height=\"281\" src=\"https:\/\/www.youtube.com\/embed\/1uOJKri848E?feature=oembed\" frameborder=\"0\" allow=\"accelerometer; autoplay; clipboard-write; encrypted-media; gyroscope; picture-in-picture; web-share\" referrerpolicy=\"strict-origin-when-cross-origin\" allowfullscreen><\/iframe>\n<\/div><\/figure>\n<\/div>\n<\/div>\n<\/div>\n<\/div>\n\n\n\n<div class=\"wp-block-columns is-layout-flex wp-container-core-columns-is-layout-28f84493 wp-block-columns-is-layout-flex\">\n<div class=\"wp-block-column is-layout-flow wp-block-column-is-layout-flow\">\n<h2 class=\"wp-block-heading\">Programme<\/h2>\n\n\n\n<p>Dramma per musica en 3 actes de <strong>Georg Friedrich Haendel.<\/strong><br>Livret anonyme d\u2019apr\u00e8s le livret d\u2019Antonio Fanzaglia pour l\u2019op\u00e9ra L\u2019Isola d\u2019Alcina de Riccardo Broschi,&nbsp;lui-m\u00eame inspir\u00e9 de l\u2019Orlando furioso de L\u2019Arioste.<br>Cr\u00e9\u00e9 le 16 avril 1735 \u00e0 Londres, au Covent Garden Theatre.<\/p>\n\n\n\n<p><em>8 repr\u00e9sentations du 15 au 29 f\u00e9vrier 2016 \u00e0 l\u2019Op\u00e9ra des Nations (Th\u00e9\u00e2tre provisoire pour la p\u00e9riode des travaux de r\u00e9novation du Grand Th\u00e9\u00e2tre de Gen\u00e8ve &#8211; Ce spectacle inaugurait le lieu).<\/em><\/p>\n\n\n\n<p><em>Le spectacle a \u00e9t\u00e9 capt\u00e9 et est \u00e0 revoir en HD sur Arte. Il est aussi diffus\u00e9 sur les plateformes vid\u00e9o en qualit\u00e9 basse.<\/em><\/p>\n\n\n\n<div class=\"wp-block-columns is-layout-flex wp-container-core-columns-is-layout-328c6305 wp-block-columns-is-layout-flex\" style=\"padding-top:var(--wp--preset--spacing--30)\">\n<div class=\"wp-block-column is-layout-flow wp-block-column-is-layout-flow\" style=\"flex-basis:100%\">\n<a class=\"link-default link-center link-circle\" href=\"https:\/\/cappellamediterranea.com\/productions\/\">\n    <div class=\"content-circle\">\n        <div class=\"circle\"><\/div>\n    <\/div>\n    <span class=\"title\">\n        D\u00e9couvrir les autres productions    <\/span>\n<\/a>\n\n<\/div>\n<\/div>\n<\/div>\n\n\n\n<div class=\"wp-block-column is-layout-flow wp-block-column-is-layout-flow\">\n<h2 class=\"wp-block-heading\">Distribution<\/h2>\n\n\n\n<p><strong><strong>Leonardo Garc\u00eda-Alarc\u00f3n<\/strong><\/strong>, Direction musicale<br><strong>David B\u00f6sch<\/strong>, Mise en sc\u00e8ne<br><strong>Falko Herold<\/strong>, D\u00e9cors<br><strong>Bettina Walter<\/strong>, Costumes<br><br><strong>Nicole Cabell<\/strong>, soprano &#8211; <em>Alcina<\/em><br><strong>Malena Ernman<\/strong>, mezzo-soprano &#8211; <em>Ruggiero<\/em><br><strong>Siobhan Stagg<\/strong>, soprano &#8211; <em>Morgana<\/em><br><strong>Kristina Hammarstr\u00f6m<\/strong>, mezzo-soprano &#8211; <em>Bradamante<\/em><br><strong>Michael Adams<\/strong>, baryton &#8211; <em>Melisso<\/em><br><strong>Mary Feminear<\/strong>, soprano &#8211; <em>Oberto<\/em><\/p>\n\n\n\n<p><strong>Orchestre de la Suisse Romande<br>Continuo de Cappella Mediterranea.<br>Ch\u0153ur de l\u2019op\u00e9ra de Gen\u00e8ve.<\/strong><\/p>\n<\/div>\n<\/div>\n","protected":false},"excerpt":{"rendered":"En f\u00e9vrier 2016, Cappella Mediterranea a assur\u00e9 le continuo sur cette production de l&#8217;Op\u00e9ra de Gen\u00e8ve dirig\u00e9e par Leonardo Garc\u00eda Alarc\u00f3n avec l&#8217;Orchestre de la Suisse Romande.\u00a0","protected":false},"featured_media":12702,"parent":0,"menu_order":0,"template":"","meta":{"_acf_changed":false},"tags":[],"categorie-production":[48],"class_list":["post-6760","post-concert","type-post-concert","status-publish","has-post-thumbnail","hentry","categorie-production-productions-lyriques"],"acf":{"concerts":[{"date":"2016-02-29 20:00:00","lieu":"Suisse, Gen\u00e8ve ","salle_de_concert":"Grand Th\u00e9\u00e2tre de Gen\u00e8ve (Op\u00e9ra des Nations)","lien_de_la_billetterie":""},{"date":"2016-02-28 17:00:00","lieu":"Suisse, Gen\u00e8ve ","salle_de_concert":"Grand Th\u00e9\u00e2tre de Gen\u00e8ve (Op\u00e9ra des Nations)","lien_de_la_billetterie":""},{"date":"2016-02-27 20:30:00","lieu":"Suisse, Gen\u00e8ve ","salle_de_concert":"Grand Th\u00e9\u00e2tre de Gen\u00e8ve (Op\u00e9ra des Nations)","lien_de_la_billetterie":""},{"date":"2016-02-25 20:00:00","lieu":"Suisse, Gen\u00e8ve ","salle_de_concert":"Grand Th\u00e9\u00e2tre de Gen\u00e8ve (Op\u00e9ra des Nations)","lien_de_la_billetterie":""},{"date":"2016-02-23 20:00:00","lieu":"Suisse, Gen\u00e8ve ","salle_de_concert":"Grand Th\u00e9\u00e2tre de Gen\u00e8ve (Op\u00e9ra des Nations)","lien_de_la_billetterie":""},{"date":"2016-02-19 20:00:00","lieu":"Suisse, Gen\u00e8ve ","salle_de_concert":"Grand Th\u00e9\u00e2tre de Gen\u00e8ve (Op\u00e9ra des Nations)","lien_de_la_billetterie":""},{"date":"2016-02-17 20:00:00","lieu":"Suisse, Gen\u00e8ve ","salle_de_concert":"Grand Th\u00e9\u00e2tre de Gen\u00e8ve (Op\u00e9ra des Nations)","lien_de_la_billetterie":""},{"date":"2016-02-15 20:30:00","lieu":"Suisse, Gen\u00e8ve ","salle_de_concert":"Grand Th\u00e9\u00e2tre de Gen\u00e8ve (Op\u00e9ra des Nations)","lien_de_la_billetterie":""}]},"_links":{"self":[{"href":"https:\/\/cappellamediterranea.com\/en\/wp-json\/wp\/v2\/post-concert\/6760","targetHints":{"allow":["GET"]}}],"collection":[{"href":"https:\/\/cappellamediterranea.com\/en\/wp-json\/wp\/v2\/post-concert"}],"about":[{"href":"https:\/\/cappellamediterranea.com\/en\/wp-json\/wp\/v2\/types\/post-concert"}],"version-history":[{"count":0,"href":"https:\/\/cappellamediterranea.com\/en\/wp-json\/wp\/v2\/post-concert\/6760\/revisions"}],"wp:featuredmedia":[{"embeddable":true,"href":"https:\/\/cappellamediterranea.com\/en\/wp-json\/wp\/v2\/media\/12702"}],"wp:attachment":[{"href":"https:\/\/cappellamediterranea.com\/en\/wp-json\/wp\/v2\/media?parent=6760"}],"wp:term":[{"taxonomy":"post_tag","embeddable":true,"href":"https:\/\/cappellamediterranea.com\/en\/wp-json\/wp\/v2\/tags?post=6760"},{"taxonomy":"categorie-production","embeddable":true,"href":"https:\/\/cappellamediterranea.com\/en\/wp-json\/wp\/v2\/categorie-production?post=6760"}],"curies":[{"name":"wp","href":"https:\/\/api.w.org\/{rel}","templated":true}]}}