{"id":6566,"date":"2020-07-19T15:03:28","date_gmt":"2020-07-19T13:03:28","guid":{"rendered":"https:\/\/cappellamediterranea.com\/?post_type=post-concert&#038;p=6566"},"modified":"2024-03-23T15:57:58","modified_gmt":"2024-03-23T14:57:58","slug":"amore-siciliano-2-7-2-2-2-2","status":"publish","type":"post-concert","link":"https:\/\/cappellamediterranea.com\/en\/production\/amore-siciliano-2-7-2-2-2-2\/","title":{"rendered":"&#8220;Le regard \u00e9loign\u00e9&#8221;, Atelier autour des Indes Galantes de Rameau &#8211; 2020"},"content":{"rendered":"\n<div class=\"wp-block-columns is-layout-flex wp-container-core-columns-is-layout-28f84493 wp-block-columns-is-layout-flex\">\n<div class=\"wp-block-column is-layout-flow wp-block-column-is-layout-flow\" style=\"flex-basis:50%\">\n<figure class=\"wp-block-image size-full\"><img loading=\"lazy\" decoding=\"async\" width=\"1024\" height=\"768\" src=\"http:\/\/cappellamediterranea.com\/wp-content\/uploads\/Indes-Galantes-Bastille-4.jpeg\" alt=\"Les Indes Galantes Bastille, Cappella Mediterranea\" class=\"wp-image-7020\" srcset=\"https:\/\/cappellamediterranea.com\/wp-content\/uploads\/Indes-Galantes-Bastille-4.jpeg 1024w, https:\/\/cappellamediterranea.com\/wp-content\/uploads\/Indes-Galantes-Bastille-4-300x225.jpeg 300w, https:\/\/cappellamediterranea.com\/wp-content\/uploads\/Indes-Galantes-Bastille-4-768x576.jpeg 768w\" sizes=\"auto, (max-width: 1024px) 100vw, 1024px\" \/><\/figure>\n<\/div>\n\n\n\n<div class=\"wp-block-column is-vertically-aligned-top is-layout-flow wp-block-column-is-layout-flow\" style=\"padding-top:0;padding-right:0;padding-bottom:0;padding-left:0;flex-basis:50%\">\n<h4 class=\"wp-block-heading\">L&#8217;Ensemble Cappella Mediterranea et son chef Leonardo Garc\u00eda Alarc\u00f3n proposent un concert p\u00e9dagogique et diff\u00e9rents ateliers autour des Indes Galantes de Rameau, produit en 2019 \u00e0 l&#8217;Op\u00e9ra Bastille.  <\/h4>\n<\/div>\n<\/div>\n\n\n\n<div class=\"wp-block-columns is-layout-flex wp-container-core-columns-is-layout-28f84493 wp-block-columns-is-layout-flex\">\n<div class=\"wp-block-column is-layout-flow wp-block-column-is-layout-flow\">\n<h2 class=\"wp-block-heading\">Programme<\/h2>\n\n\n\n<p>\u00ab&nbsp;Le Regard Eloign\u00e9&nbsp;\u00bb<\/p>\n\n\n\n<p><em>Atelier p\u00e9dagogique \u00e0 travers Les lettres persanes<\/em>&nbsp;de Montesquieu \u0153uvre \u00e9tudi\u00e9e en classe pour le Bac Fran\u00e7ais et la&nbsp;production des&nbsp;<em>Indes Galantes<\/em>&nbsp;de Rameau&nbsp;de l\u2019Op\u00e9ra Bastille.<\/p>\n\n\n\n<p>Extraits vid\u00e9os, partage d\u2019exp\u00e9rience v\u00e9cue lors de la production des&nbsp;<em>Indes Galantes<\/em> de Rameau \u00e0 l&#8217;Op\u00e9ra Bastille en 2019.&nbsp;<\/p>\n\n\n\n<p>Atelier danse, initiation au Krump<\/p>\n\n\n\n<p>Atelier chant<\/p>\n\n\n\n<div class=\"wp-block-columns is-layout-flex wp-container-core-columns-is-layout-328c6305 wp-block-columns-is-layout-flex\" style=\"padding-top:var(--wp--preset--spacing--30)\">\n<div class=\"wp-block-column is-layout-flow wp-block-column-is-layout-flow\" style=\"padding-top:var(--wp--preset--spacing--30);flex-basis:100%\">\n<div class=\"wp-block-columns is-layout-flex wp-container-core-columns-is-layout-28f84493 wp-block-columns-is-layout-flex\">\n<div class=\"wp-block-column is-layout-flow wp-block-column-is-layout-flow\" style=\"flex-basis:100%\">\n<a class=\"link-default link-center link-circle\" href=\"https:\/\/cappellamediterranea.com\/production\/amore-siciliano-2-7-2\/\">\n    <div class=\"content-circle\">\n        <div class=\"circle\"><\/div>\n    <\/div>\n    <span class=\"title\">\n        D\u00e9couvrir les concerts \u00e0 Bastille    <\/span>\n<\/a>\n\n<\/div>\n<\/div>\n<\/div>\n<\/div>\n<\/div>\n\n\n\n<div class=\"wp-block-column is-layout-flow wp-block-column-is-layout-flow\">\n<h2 class=\"wp-block-heading\">Avec les artistes<\/h2>\n\n\n\n<ul class=\"wp-block-list\">\n<li><strong>Edwin Baudo<\/strong>, Pianiste &#8211; <em>&nbsp;Chef de choeur associ\u00e9 du Choeur d\u2019enfants de l\u2019Orchestre de Paris,&nbsp;CMA19, Responsable du cursus Choeur d&#8217;enfants de l&#8217;Orchestre de Paris CMA19<\/em><\/li>\n\n\n\n<li><strong>Eug\u00e9nie de Padirac<\/strong>, Soprano &#8211; <em>Chanteuse du Ch\u0153ur de Chambre de Namur<\/em><\/li>\n\n\n\n<li><strong>Leo Lorenzo<\/strong>, Danseur Krump &#8211;&nbsp;<em>Danseur de la Rualit\u00e9&nbsp;Cie Rualit\u00e9<\/em><\/li>\n<\/ul>\n\n\n\n<div class=\"wp-block-columns is-layout-flex wp-container-core-columns-is-layout-328c6305 wp-block-columns-is-layout-flex\" style=\"padding-top:var(--wp--preset--spacing--30)\">\n<div class=\"wp-block-column is-layout-flow wp-block-column-is-layout-flow\" style=\"flex-basis:100%\">\n<a class=\"link-default link-center link-circle\" href=\"https:\/\/cappellamediterranea.com\/productions\/\">\n    <div class=\"content-circle\">\n        <div class=\"circle\"><\/div>\n    <\/div>\n    <span class=\"title\">\n        D\u00e9couvrir les autres productions    <\/span>\n<\/a>\n\n<\/div>\n<\/div>\n<\/div>\n<\/div>\n\n\n\n<div class=\"wp-block-columns is-layout-flex wp-container-core-columns-is-layout-28f84493 wp-block-columns-is-layout-flex\">\n<div class=\"wp-block-column is-layout-flow wp-block-column-is-layout-flow\" style=\"flex-basis:100%\">\n<figure class=\"wp-block-gallery has-nested-images columns-default is-cropped wp-block-gallery-1 is-layout-flex wp-block-gallery-is-layout-flex\">\n<figure class=\"wp-block-image size-large\"><img loading=\"lazy\" decoding=\"async\" width=\"577\" height=\"1024\" data-id=\"7018\" src=\"https:\/\/cappellamediterranea.com\/wp-content\/uploads\/Indes-Galantes-Bastille-3-577x1024.jpg\" alt=\"Les Indes Galantes Bastille, Cappella Mediterranea\" class=\"wp-image-7018\" srcset=\"https:\/\/cappellamediterranea.com\/wp-content\/uploads\/Indes-Galantes-Bastille-3-577x1024.jpg 577w, https:\/\/cappellamediterranea.com\/wp-content\/uploads\/Indes-Galantes-Bastille-3-169x300.jpg 169w, https:\/\/cappellamediterranea.com\/wp-content\/uploads\/Indes-Galantes-Bastille-3.jpg 732w\" sizes=\"auto, (max-width: 577px) 100vw, 577px\" \/><\/figure>\n\n\n\n<figure class=\"wp-block-image size-large\"><img loading=\"lazy\" decoding=\"async\" width=\"576\" height=\"1024\" data-id=\"7016\" src=\"https:\/\/cappellamediterranea.com\/wp-content\/uploads\/Indes-Galantes-Bastille-2-576x1024.jpg\" alt=\"Les Indes Galantes Bastille, Cappella Mediterranea\" class=\"wp-image-7016\" srcset=\"https:\/\/cappellamediterranea.com\/wp-content\/uploads\/Indes-Galantes-Bastille-2-576x1024.jpg 576w, https:\/\/cappellamediterranea.com\/wp-content\/uploads\/Indes-Galantes-Bastille-2-169x300.jpg 169w, https:\/\/cappellamediterranea.com\/wp-content\/uploads\/Indes-Galantes-Bastille-2.jpg 732w\" sizes=\"auto, (max-width: 576px) 100vw, 576px\" \/><\/figure>\n\n\n\n<figure class=\"wp-block-image size-large\"><img loading=\"lazy\" decoding=\"async\" width=\"577\" height=\"1024\" data-id=\"7014\" src=\"https:\/\/cappellamediterranea.com\/wp-content\/uploads\/Indes-Galantes-Bastille-1-577x1024.jpg\" alt=\"Les Indes Galantes Bastille, Cappella Mediterranea\" class=\"wp-image-7014\" srcset=\"https:\/\/cappellamediterranea.com\/wp-content\/uploads\/Indes-Galantes-Bastille-1-577x1024.jpg 577w, https:\/\/cappellamediterranea.com\/wp-content\/uploads\/Indes-Galantes-Bastille-1-169x300.jpg 169w, https:\/\/cappellamediterranea.com\/wp-content\/uploads\/Indes-Galantes-Bastille-1.jpg 732w\" sizes=\"auto, (max-width: 577px) 100vw, 577px\" \/><\/figure>\n<\/figure>\n<\/div>\n<\/div>\n","protected":false},"excerpt":{"rendered":"L&#8217;Ensemble Cappella Mediterranea et son chef Leonardo Garc\u00eda Alarc\u00f3n proposent un concert p\u00e9dagogique et diff\u00e9rents ateliers autour des Indes Galantes de Rameau, produit en 2019 \u00e0 l&#8217;Op\u00e9ra Bastille.  ","protected":false},"featured_media":7020,"parent":0,"menu_order":0,"template":"","meta":{"_acf_changed":false},"tags":[],"categorie-production":[42],"class_list":["post-6566","post-concert","type-post-concert","status-publish","has-post-thumbnail","hentry","categorie-production-concert-pedagogique"],"acf":{"concerts":null},"_links":{"self":[{"href":"https:\/\/cappellamediterranea.com\/en\/wp-json\/wp\/v2\/post-concert\/6566","targetHints":{"allow":["GET"]}}],"collection":[{"href":"https:\/\/cappellamediterranea.com\/en\/wp-json\/wp\/v2\/post-concert"}],"about":[{"href":"https:\/\/cappellamediterranea.com\/en\/wp-json\/wp\/v2\/types\/post-concert"}],"version-history":[{"count":0,"href":"https:\/\/cappellamediterranea.com\/en\/wp-json\/wp\/v2\/post-concert\/6566\/revisions"}],"wp:featuredmedia":[{"embeddable":true,"href":"https:\/\/cappellamediterranea.com\/en\/wp-json\/wp\/v2\/media\/7020"}],"wp:attachment":[{"href":"https:\/\/cappellamediterranea.com\/en\/wp-json\/wp\/v2\/media?parent=6566"}],"wp:term":[{"taxonomy":"post_tag","embeddable":true,"href":"https:\/\/cappellamediterranea.com\/en\/wp-json\/wp\/v2\/tags?post=6566"},{"taxonomy":"categorie-production","embeddable":true,"href":"https:\/\/cappellamediterranea.com\/en\/wp-json\/wp\/v2\/categorie-production?post=6566"}],"curies":[{"name":"wp","href":"https:\/\/api.w.org\/{rel}","templated":true}]}}