{"id":5380,"date":"2018-11-04T10:11:59","date_gmt":"2018-11-04T09:11:59","guid":{"rendered":"https:\/\/cappellamediterranea.com\/?post_type=post-concert&#038;p=5380"},"modified":"2025-05-16T14:35:41","modified_gmt":"2025-05-16T12:35:41","slug":"giorgi-ave-maria","status":"publish","type":"post-concert","link":"https:\/\/cappellamediterranea.com\/en\/production\/giorgi-ave-maria\/","title":{"rendered":"Giorgi, Ave Maria"},"content":{"rendered":"\n<div class=\"wp-block-columns is-layout-flex wp-container-core-columns-is-layout-28f84493 wp-block-columns-is-layout-flex\">\n<div class=\"wp-block-column is-layout-flow wp-block-column-is-layout-flow\" style=\"flex-basis:50%\">\n<figure class=\"wp-block-image size-large\"><img loading=\"lazy\" decoding=\"async\" width=\"1024\" height=\"539\" src=\"http:\/\/cappellamediterranea.com\/wp-content\/uploads\/Splendeurs-de-la-polyphonie-romaine-7-1024x539.jpg\" alt=\"Splendeurs de la polyphonie romaine, Leonardo Garc\u00eda Alarc\u00f3n, Ch\u0153ur de Chambre de Namur ou Accentus, Cappella Mediterranea\" class=\"wp-image-5058\" srcset=\"https:\/\/cappellamediterranea.com\/wp-content\/uploads\/Splendeurs-de-la-polyphonie-romaine-7-1024x539.jpg 1024w, https:\/\/cappellamediterranea.com\/wp-content\/uploads\/Splendeurs-de-la-polyphonie-romaine-7-300x158.jpg 300w, https:\/\/cappellamediterranea.com\/wp-content\/uploads\/Splendeurs-de-la-polyphonie-romaine-7-768x404.jpg 768w, https:\/\/cappellamediterranea.com\/wp-content\/uploads\/Splendeurs-de-la-polyphonie-romaine-7.jpg 1500w\" sizes=\"auto, (max-width: 1024px) 100vw, 1024px\" \/><\/figure>\n<\/div>\n\n\n\n<div class=\"wp-block-column is-vertically-aligned-top is-layout-constrained wp-block-column-is-layout-constrained\" style=\"flex-basis:50%\">\n<p><em>\u00ab Si Giorgi devait l\u00e9guer environ\u00a0 600\u00a0 \u0153uvres, compos\u00e9es \u00e0 Rome et \u00e0 Lisbonne o\u00f9 elles surv\u00e9curent m\u00eame au tremblement de terre de 1755, il devait rester inexplicablement ignor\u00e9 jusqu&#8217;\u00e0 ce que Leonardo Garc\u00eda-Alarc\u00f3n ne vienne r\u00e9parer cette injustice en nous faisant d\u00e9couvrir un compositeur remarquable non seulement par la qualit\u00e9 de son savoir-faire mais aussi par\u00a0 la transition stylistique qu&#8217;il refl\u00e8te. \u00bb<\/em><\/p>\n<\/div>\n<\/div>\n\n\n\n<div class=\"wp-block-columns is-layout-flex wp-container-core-columns-is-layout-28f84493 wp-block-columns-is-layout-flex\">\n<div class=\"wp-block-column is-layout-flow wp-block-column-is-layout-flow\">\n<h2 class=\"wp-block-heading\">Splendeurs Romaines<\/h2>\n\n\n\n<p>Giovanni Giorgi, compositeur italien de la premi\u00e8re moiti\u00e9 du XVIIIe si\u00e8cle dont on sait peu de choses si ce n\u2019est qu\u2019il fut sans doute \u00e9l\u00e8ve d\u2019Antonio Lotti \u00e0 Venise, puis ma\u00eetre de chapelle \u00e0 Saint-Jean-de-Latran \u00e0 Rome, un poste qu\u2019il occupa par la suite \u00e0 la cour du roi du Portugal \u00e0 Lisbonne de 1727 \u00e0 sa mort probable en 1762. Le programme de musique sacr\u00e9e propos\u00e9 par Cappella Mediterranea, constitu\u00e9 d\u2019offertoires, de motets (\u00e9poque romaine) et d\u2019une messe (\u00e9poque portugaise), fut recr\u00e9\u00e9 en 2010 dans le cadre du Festival de La Chaise-Dieu.<br><\/p>\n<\/div>\n\n\n\n<div class=\"wp-block-column is-vertically-aligned-bottom is-layout-flow wp-block-column-is-layout-flow\">\n<figure class=\"wp-block-embed is-type-video is-provider-youtube wp-block-embed-youtube wp-embed-aspect-16-9 wp-has-aspect-ratio\"><div class=\"wp-block-embed__wrapper\">\n<iframe loading=\"lazy\" title=\"Giorgi: Ave Maria | Leonardo Garc\u00eda Alarc\u00f3n &amp; Cappella Mediterranea\" width=\"500\" height=\"281\" src=\"https:\/\/www.youtube.com\/embed\/6tyqZTC_QHM?feature=oembed\" frameborder=\"0\" allow=\"accelerometer; autoplay; clipboard-write; encrypted-media; gyroscope; picture-in-picture; web-share\" referrerpolicy=\"strict-origin-when-cross-origin\" allowfullscreen><\/iframe>\n<\/div><\/figure>\n<\/div>\n<\/div>\n\n\n\n<div class=\"wp-block-columns is-layout-flex wp-container-core-columns-is-layout-28f84493 wp-block-columns-is-layout-flex\">\n<div class=\"wp-block-column is-layout-flow wp-block-column-is-layout-flow\">\n<section class=\"container titre-secondaire\">\n    <h2 class=\"\">Programme<\/h2>\n            <p><p><strong>Alessandro Scarlatti<br \/>\n<\/strong><em>Plange quasi virgo<br \/>\n<\/em><em>Ecce vidimus eum<\/em><\/p>\n<p><strong>Gregorio Allegri<br \/>\n<\/strong><em>Miserere<\/em><\/p>\n<p><strong>Luigi Rossi<br \/>\n<\/strong><em>Piangete occhi piangete<\/em><\/p>\n<p><strong>Giovanni Giorgi<br \/>\n<\/strong><em>Motet<br \/>\n<\/em><em>Messe en fa majeur<\/em><\/p>\n<\/p>\n    <\/section><\/div>\n\n\n\n<div class=\"wp-block-column is-layout-flow wp-block-column-is-layout-flow\">\n<h2 class=\"wp-block-heading\">Distribution<\/h2>\n\n\n\n<blockquote class=\"wp-block-quote is-layout-flow wp-block-quote-is-layout-flow\">\n<ul class=\"wp-block-list\">\n<li><strong>Julie Roset,&nbsp;<\/strong>soprano<\/li>\n\n\n\n<li><strong>Paulin B\u00fcndgen,&nbsp;<\/strong>contre t\u00e9nor<\/li>\n\n\n\n<li><strong>Val\u00e9rio<\/strong>&nbsp;<strong>Contaldo<\/strong><strong>,&nbsp;<\/strong>t\u00e9nor<\/li>\n\n\n\n<li><strong>Matteo Bellotto,&nbsp;<\/strong>basse<\/li>\n<\/ul>\n<\/blockquote>\n\n\n\n<p><strong>Leonardo Garc\u00eda-Alarc\u00f3n<\/strong>, direction<br><strong>Cappella\u00a0Mediterranea,\u00a0<\/strong>orchestre<br><strong>Ensemble Vocal de Lausanne,\u00a0<\/strong>choeur<\/p>\n\n\n\n<div class=\"wp-block-columns is-layout-flex wp-container-core-columns-is-layout-328c6305 wp-block-columns-is-layout-flex\" style=\"padding-top:var(--wp--preset--spacing--30)\">\n<div class=\"wp-block-column is-layout-flow wp-block-column-is-layout-flow\" style=\"flex-basis:100%\">\n<a class=\"link-default link-center link-circle\" href=\"https:\/\/cappellamediterranea.com\/post-discographie\/disques-de-lga-2-2-5-13\/\">\n    <div class=\"content-circle\">\n        <div class=\"circle\"><\/div>\n    <\/div>\n    <span class=\"title\">\n        D\u00e9couvrir le disque    <\/span>\n<\/a>\n\n<\/div>\n<\/div>\n<\/div>\n<\/div>\n\n\n\n<div class=\"wp-block-columns is-layout-flex wp-container-core-columns-is-layout-28f84493 wp-block-columns-is-layout-flex\">\n<div class=\"wp-block-column is-layout-flow wp-block-column-is-layout-flow\" style=\"flex-basis:100%\">\n<h2 class=\"wp-block-heading\">Extraits de presse<\/h2>\n\n\n\n<p><strong>Concert Classique &#8211; Coups de C\u0153ur \u00e0 Chantilly <\/strong><\/p>\n\n\n\n<p>&#8220;<em>\u00ab&nbsp;Un \u00ab&nbsp;catalogue&nbsp;\u00bb des \u00e9motions humaines&nbsp;\u00bb a dit le chef argentin du&nbsp;Diluvio,&nbsp;\u00ab&nbsp;musique qu\u2019il suffit de voir pour l\u2019entendre&nbsp;\u00bb&nbsp;: nul doute qu\u2019avec l\u2019exp\u00e9rience th\u00e9\u00e2trale par lui accumul\u00e9e depuis 2010, il ne pourra qu\u2019aller plus loin encore dans l\u2019exploration et la mise en relief des ressorts dramatiques de l\u2019ouvrage<\/em>.&#8221;<br><em><strong>Alain Cochard pour Concert classique<\/strong><\/em><br><a rel=\"noreferrer noopener\" href=\"https:\/\/www.concertclassic.com\/article\/il-diluvio-universale-de-falvetti-par-leonardo-garcia-alarcon-au-chateau-de-chantilly-retour\" target=\"_blank\">D\u00e9couvrir l&#8217;article<\/a><\/p>\n\n\n\n<p><strong>Garc\u00eda-Alarc\u00f3n submerge Versailles avec\u00a0<em>Il Diluvio universale<\/em>\u00a0de Falvetti &#8211; Versailles, 2016<\/strong><\/p>\n\n\n\n<p>&#8220;<em>Aguerris par les nombreuses reprises en concert et par l\u2019enregistrement r\u00e9alis\u00e9 en 2011, les solistes, la Cappella Mediterranea et le Ch\u0153ur de Chambre de Namur sont parvenus ce soir \u00e0 Versailles \u00e0 une ma\u00eetrise parfaite des ressorts dramatiques de cet oratorio hors du commun, communiquant au public leur complicit\u00e9 et leur plaisir de jouer ensemble. Une grande le\u00e7on de musique\u2026 et de th\u00e9\u00e2tre\u00a0!<\/em>&#8220;<br><em><strong>Selvam Thorez pour Bachtrack<\/strong><\/em><br><a href=\"https:\/\/bachtrack.com\/fr_FR\/critique-garcia-alarcon-cappella-mediterranea-choeur-namur-opera-versailles-juin-2016\" target=\"_blank\" rel=\"noreferrer noopener\">D\u00e9couvrir l&#8217;article<\/a><\/p>\n\n\n\n<div class=\"wp-block-columns is-layout-flex wp-container-core-columns-is-layout-28f84493 wp-block-columns-is-layout-flex\">\n<div class=\"wp-block-column is-layout-flow wp-block-column-is-layout-flow\" style=\"flex-basis:100%\">\n<a class=\"link-default link-center link-circle\" href=\"https:\/\/cappellamediterranea.com\/productions\/\">\n    <div class=\"content-circle\">\n        <div class=\"circle\"><\/div>\n    <\/div>\n    <span class=\"title\">\n        D\u00e9couvrir les autres productions    <\/span>\n<\/a>\n\n<\/div>\n<\/div>\n\n\n\n<div class=\"wp-block-columns is-layout-flex wp-container-core-columns-is-layout-28f84493 wp-block-columns-is-layout-flex\">\n<div class=\"wp-block-column is-layout-flow wp-block-column-is-layout-flow\" style=\"flex-basis:100%\">\n\n<section class=\"container partenaires-telechargements no-file\">\n\n    <div class=\"partenaires\">\n        <h3>Nos partenaires<\/h3>\n        <div class=\"partenaires_content\">\n                            <div class=\"partenaire_item\" data-call-modal=\"fondation-leenaards-2\">\n                    <img decoding=\"async\" loading=\"lazy\" width=\"474\" height=\"474\" src=\"https:\/\/cappellamediterranea.com\/wp-content\/uploads\/fondation-leenaards-e1688831797385.jpeg\" alt=\"\">\n                <\/div>\n\n                <div class=\"modal\" style=\"visibility: hidden;\" data-modal=\"fondation-leenaards-2\">\n                    <div class=\"content-modal col1\">\n                        <img decoding=\"async\" loading=\"lazy\" width=\"474\" height=\"474\" src=\"https:\/\/cappellamediterranea.com\/wp-content\/uploads\/fondation-leenaards-e1688831797385.jpeg\" alt=\"\" title=\"fondation leenaards\" >\n                        <p>Le concert de Lutry re\u00e7oit le soutien de la Fondation Leenaards.<\/p>\n                        <span class=\"icon-close\"><\/span>\n                    <\/div>\n                <\/div>\n\n                    <\/div>\n    <\/div>\n    <\/section><\/div>\n<\/div>\n<\/div>\n<\/div>\n","protected":false},"excerpt":{"rendered":"Si Giorgi devait l\u00e9guer environ\u00a0 600\u00a0 \u0153uvres, compos\u00e9es \u00e0 Rome et \u00e0 Lisbonne o\u00f9 elles surv\u00e9curent m\u00eame au tremblement de terre de 1755, il devait rester inexplicablement ignor\u00e9 jusqu&#8217;\u00e0 ce que Leonardo Garc\u00eda Alarc\u00f3n ne vienne r\u00e9parer cette injustice en nous faisant d\u00e9couvrir un compositeur remarquable non seulement par la qualit\u00e9 de son savoir-faire mais aussi par\u00a0 la transition stylistique qu&#8217;il refl\u00e8te. ","protected":false},"featured_media":12501,"parent":0,"menu_order":0,"template":"","meta":{"_acf_changed":false},"tags":[],"categorie-production":[43],"class_list":["post-5380","post-concert","type-post-concert","status-publish","has-post-thumbnail","hentry","categorie-production-concerts-en-grands-effectifs"],"acf":{"concerts":[{"date":"2018-11-04 17:00:00","lieu":"Lutry, Suisse","salle_de_concert":"Temple","lien_de_la_billetterie":""}]},"_links":{"self":[{"href":"https:\/\/cappellamediterranea.com\/en\/wp-json\/wp\/v2\/post-concert\/5380","targetHints":{"allow":["GET"]}}],"collection":[{"href":"https:\/\/cappellamediterranea.com\/en\/wp-json\/wp\/v2\/post-concert"}],"about":[{"href":"https:\/\/cappellamediterranea.com\/en\/wp-json\/wp\/v2\/types\/post-concert"}],"version-history":[{"count":0,"href":"https:\/\/cappellamediterranea.com\/en\/wp-json\/wp\/v2\/post-concert\/5380\/revisions"}],"wp:featuredmedia":[{"embeddable":true,"href":"https:\/\/cappellamediterranea.com\/en\/wp-json\/wp\/v2\/media\/12501"}],"wp:attachment":[{"href":"https:\/\/cappellamediterranea.com\/en\/wp-json\/wp\/v2\/media?parent=5380"}],"wp:term":[{"taxonomy":"post_tag","embeddable":true,"href":"https:\/\/cappellamediterranea.com\/en\/wp-json\/wp\/v2\/tags?post=5380"},{"taxonomy":"categorie-production","embeddable":true,"href":"https:\/\/cappellamediterranea.com\/en\/wp-json\/wp\/v2\/categorie-production?post=5380"}],"curies":[{"name":"wp","href":"https:\/\/api.w.org\/{rel}","templated":true}]}}