{"id":1963,"date":"2021-05-13T14:37:02","date_gmt":"2021-05-13T12:37:02","guid":{"rendered":"https:\/\/cappellamediterranea.com\/?post_type=post-concert&#038;p=1963"},"modified":"2025-05-16T12:18:23","modified_gmt":"2025-05-16T10:18:23","slug":"sacrificio","status":"publish","type":"post-concert","link":"https:\/\/cappellamediterranea.com\/en\/production\/sacrificio\/","title":{"rendered":"Sacrificio"},"content":{"rendered":"\n<div class=\"wp-block-columns is-layout-flex wp-container-core-columns-is-layout-28f84493 wp-block-columns-is-layout-flex\">\n<div class=\"wp-block-column is-vertically-aligned-bottom is-layout-flow wp-block-column-is-layout-flow\">\n<figure class=\"wp-block-embed is-type-video is-provider-youtube wp-block-embed-youtube wp-embed-aspect-16-9 wp-has-aspect-ratio\"><div class=\"wp-block-embed__wrapper\">\n<iframe loading=\"lazy\" title=\"&quot;Piangete occhi, piangete !&quot; - Oratorio per la Settimana Santa, Luigi Rossi\" width=\"500\" height=\"281\" src=\"https:\/\/www.youtube.com\/embed\/Nzv2mqYgb3Q?feature=oembed\" frameborder=\"0\" allow=\"accelerometer; autoplay; clipboard-write; encrypted-media; gyroscope; picture-in-picture; web-share\" referrerpolicy=\"strict-origin-when-cross-origin\" allowfullscreen><\/iframe>\n<\/div><\/figure>\n<\/div>\n\n\n\n<div class=\"wp-block-column is-layout-flow wp-block-column-is-layout-flow\">\n<h2 class=\"wp-block-heading\"><strong>Historia di Jephte a 6 voci et organo<\/strong><\/h2>\n\n\n\n<p>Compositeur : <strong>Giacomo Carissimi<\/strong> (1605-1674). Livret (en latin) : extrait de <strong>l\u2019Ancien Testament<\/strong><br><br>Le sujet de <em>Jepht\u00e9<\/em> est emprunt\u00e9 au <em>Livre des Juges<\/em> dans <em>l\u2019Ancien Testament<\/em>. L\u2019\u0153uvre est divis\u00e9e en deux parties : la r\u00e9jouissance et la victoire pr\u00e9c\u00e8dent le drame et les lamentations. Appel\u00e9 \u00e0 conduire l\u2019arm\u00e9e d\u2019Isra\u00ebl contre les Ammonites, Jepht\u00e9 promet \u00e0 Dieu de sacrifier \u00e0 son retour de la guerre la premi\u00e8re personne qui sortira de sa maison s\u2019il rentre victorieux. Revenu avec les honneurs, Jepht\u00e9 voit arriver \u00e0 sa rencontre sa fille chantant ses louanges, accompagn\u00e9e d\u2019autres jeunes femmes. Un long dialogue s\u2019engage entre le p\u00e8re et sa fille. Jepht\u00e9, par un lamento explique \u00e0 sa fille son v\u0153u. Celle-ci lui demande de pouvoir aller prier dans le d\u00e9sert avant l\u2019ex\u00e9cution de la sentence<strong>.<\/strong><\/p>\n<\/div>\n<\/div>\n\n\n\n<div class=\"wp-block-columns is-layout-flex wp-container-core-columns-is-layout-28f84493 wp-block-columns-is-layout-flex\">\n<div class=\"wp-block-column is-vertically-aligned-top is-layout-flow wp-block-column-is-layout-flow\" style=\"padding-top:0;padding-right:0;padding-bottom:0;padding-left:0;flex-basis:50%\">\n<h2 class=\"wp-block-heading has-text-align-left\"><strong>Oratorio per la Settimana Santa<\/strong><\/h2>\n\n\n\n<p>Compositeur : <strong>Luigi Rossi<\/strong> (v. 1597-1653). Livret (en italien) : <strong>Giulio Cesare Raggioli<\/strong> (v. 1601-1678)<\/p>\n\n\n\n<p>Abrit\u00e9 parmi les manuscrits anonymes de la collection Barberini de la Biblioth\u00e8que Apostolique du Vatican, <em>l\u2019Oratorio per la Settimana Santa<\/em> est un exemple prototypique d\u2019oratorio volgare (\u00ab oratorio vulgaire \u00bb de langue italienne) du milieu du XVII\u00e8me si\u00e8cle \u00e0 Rome. Tandis que <em>Jepht\u00e9<\/em> est \u00e9crit pour six voix et orgue, cet oratorio mentionne deux violons, un continuo, un ch\u0153ur \u00e0 trois et cinq voix et des soli. Attribu\u00e9 \u00e0 Luigi Rossi, cet oratorio romain a \u00e9t\u00e9 compos\u00e9 pendant son service chez les Barberini avant leur d\u00e9part de Rome en 1645. L\u2019\u0153uvre est structur\u00e9e en deux parties distinctes : Pilate se confronte \u00e0 une foule en lui demandant vainement que Barabbas soit graci\u00e9 et d\u00e9livr\u00e9. Il c\u00e8de et d\u00e9nonce J\u00e9sus qui sera condamn\u00e9 et crucifi\u00e9. La deuxi\u00e8me partie fait entendre La Vierge Marie qui par ses lamentations implore la piti\u00e9 des cieux et des \u00e9toiles tandis que les d\u00e9mons exultent apr\u00e8s la mort de J\u00e9sus. Tout comme le ch\u0153ur final de <em>Jepht\u00e9<\/em>, Plorate, filii Isra\u00ebl, cet oratorio de Rossi se cl\u00f4t par un Madrigale ultimo, lamentation d\u2019une beaut\u00e9 rare tandis que le sacrifice s\u2019accomplit.<\/p>\n<\/div>\n\n\n\n<div class=\"wp-block-column is-vertically-aligned-bottom is-layout-flow wp-block-column-is-layout-flow\" style=\"flex-basis:50%\">\n<figure class=\"wp-block-image size-large\"><img loading=\"lazy\" decoding=\"async\" width=\"1024\" height=\"683\" src=\"https:\/\/cappellamediterranea.com\/wp-content\/uploads\/Sacrificio-1-Soeur-Maylis-festival-agape-1024x683.jpg\" alt=\"\" class=\"wp-image-12455\" srcset=\"https:\/\/cappellamediterranea.com\/wp-content\/uploads\/Sacrificio-1-Soeur-Maylis-festival-agape-1024x683.jpg 1024w, https:\/\/cappellamediterranea.com\/wp-content\/uploads\/Sacrificio-1-Soeur-Maylis-festival-agape-300x200.jpg 300w, https:\/\/cappellamediterranea.com\/wp-content\/uploads\/Sacrificio-1-Soeur-Maylis-festival-agape-768x512.jpg 768w, https:\/\/cappellamediterranea.com\/wp-content\/uploads\/Sacrificio-1-Soeur-Maylis-festival-agape.jpg 1200w\" sizes=\"auto, (max-width: 1024px) 100vw, 1024px\" \/><\/figure>\n<\/div>\n<\/div>\n\n\n\n<div class=\"wp-block-columns is-layout-flex wp-container-core-columns-is-layout-28f84493 wp-block-columns-is-layout-flex\">\n<div class=\"wp-block-column is-layout-flow wp-block-column-is-layout-flow\">\n<h2 class=\"wp-block-heading\">Programme<\/h2>\n\n\n\n<p>Historia di Jephte a 6 voci et organo, <strong>Giacomo Carissimi<\/strong> (1605-1674)<br>Livret (en latin) : extrait de <strong>l\u2019Ancien Testament<\/strong><br>Oratorio per la Settimana Santa, <strong>Luigi Rossi<\/strong> (v. 1597-1653)<br>Livret (en italien) : <strong>Giulio Cesare Raggioli<\/strong> (v. 1601-1678)<\/p>\n\n\n\n<div class=\"wp-block-columns is-layout-flex wp-container-core-columns-is-layout-328c6305 wp-block-columns-is-layout-flex\" style=\"padding-top:var(--wp--preset--spacing--30)\">\n<div class=\"wp-block-column is-layout-flow wp-block-column-is-layout-flow\" style=\"flex-basis:100%\">\n<a class=\"link-default link-center link-circle\" href=\"https:\/\/cappellamediterranea.com\/productions\/\">\n    <div class=\"content-circle\">\n        <div class=\"circle\"><\/div>\n    <\/div>\n    <span class=\"title\">\n        D\u00e9couvrir les autres productions    <\/span>\n<\/a>\n\n<\/div>\n<\/div>\n<\/div>\n\n\n\n<div class=\"wp-block-column is-layout-flow wp-block-column-is-layout-flow\">\n<h2 class=\"wp-block-heading\">Distribution <\/h2>\n\n\n\n<p><strong>Leonardo Garc\u00eda Alarc\u00f3n<\/strong>, Clavecin, orgue et direction<br><strong>Mariana Flores,<\/strong>&nbsp;Soprano<br><strong>Paul Figuier<\/strong>, Contre-t\u00e9nor<br><strong>Valerio Contaldo,<\/strong>&nbsp;T\u00e9nor<br><strong>Victor Sicard,<\/strong>&nbsp;Baryton<br><strong>Alejandro Meerapfel,<\/strong>&nbsp;Basse<br><\/p>\n\n\n\n<p><strong>Ch\u0153ur de Chambre de Namur<\/strong>&nbsp;\u2013 13 chanteurs<br><strong>Cappella Mediterranea<\/strong>&nbsp;\u2013 11 instrumentistes<\/p>\n<\/div>\n<\/div>\n","protected":false},"excerpt":{"rendered":"Cappella Mediterranea et son chef Leonardo Garc\u00eda Alarc\u00f3n proposent un programme autour de Giacomo Carissimi et Luigi Rossi pour le festival Agape lors d&#8217;un concert retranscris en direct.","protected":false},"featured_media":12457,"parent":0,"menu_order":0,"template":"","meta":{"_acf_changed":false},"tags":[],"categorie-production":[43],"class_list":["post-1963","post-concert","type-post-concert","status-publish","has-post-thumbnail","hentry","categorie-production-concerts-en-grands-effectifs"],"acf":{"concerts":[{"date":"2021-05-13 20:00:00","lieu":"Gand, Belgique","salle_de_concert":"ANNULATION COVID _ De Bijloke - Muziekcentrum","lien_de_la_billetterie":""},{"date":"2021-05-12 20:00:00","lieu":"Carouge, Suisse","salle_de_concert":"Carouge, CONCERT VIRTUEL - Eglise Sainte-Croix ","lien_de_la_billetterie":""}]},"_links":{"self":[{"href":"https:\/\/cappellamediterranea.com\/en\/wp-json\/wp\/v2\/post-concert\/1963","targetHints":{"allow":["GET"]}}],"collection":[{"href":"https:\/\/cappellamediterranea.com\/en\/wp-json\/wp\/v2\/post-concert"}],"about":[{"href":"https:\/\/cappellamediterranea.com\/en\/wp-json\/wp\/v2\/types\/post-concert"}],"version-history":[{"count":0,"href":"https:\/\/cappellamediterranea.com\/en\/wp-json\/wp\/v2\/post-concert\/1963\/revisions"}],"wp:featuredmedia":[{"embeddable":true,"href":"https:\/\/cappellamediterranea.com\/en\/wp-json\/wp\/v2\/media\/12457"}],"wp:attachment":[{"href":"https:\/\/cappellamediterranea.com\/en\/wp-json\/wp\/v2\/media?parent=1963"}],"wp:term":[{"taxonomy":"post_tag","embeddable":true,"href":"https:\/\/cappellamediterranea.com\/en\/wp-json\/wp\/v2\/tags?post=1963"},{"taxonomy":"categorie-production","embeddable":true,"href":"https:\/\/cappellamediterranea.com\/en\/wp-json\/wp\/v2\/categorie-production?post=1963"}],"curies":[{"name":"wp","href":"https:\/\/api.w.org\/{rel}","templated":true}]}}