{"id":15018,"date":"2025-12-12T14:27:20","date_gmt":"2025-12-12T13:27:20","guid":{"rendered":"https:\/\/cappellamediterranea.com\/production\/mozart-la-flute-enchantee\/"},"modified":"2026-04-23T12:09:57","modified_gmt":"2026-04-23T10:09:57","slug":"mozart-la-flute-enchantee","status":"publish","type":"post-concert","link":"https:\/\/cappellamediterranea.com\/en\/production\/mozart-la-flute-enchantee\/","title":{"rendered":"Mozart, La Fl\u00fbte enchant\u00e9e"},"content":{"rendered":"\n<div class=\"wp-block-columns is-layout-flex wp-container-core-columns-is-layout-28f84493 wp-block-columns-is-layout-flex\">\n<div class=\"wp-block-column is-layout-flow wp-block-column-is-layout-flow\" style=\"flex-basis:50%\">\n<figure class=\"wp-block-image size-large\"><img loading=\"lazy\" decoding=\"async\" width=\"1024\" height=\"696\" src=\"https:\/\/cappellamediterranea.com\/wp-content\/uploads\/\/DSC0585_NB_LITTLE_SHAO-1024x696.jpg\" alt=\"\" class=\"wp-image-14124\" srcset=\"https:\/\/cappellamediterranea.com\/wp-content\/uploads\/DSC0585_NB_LITTLE_SHAO-1024x696.jpg 1024w, https:\/\/cappellamediterranea.com\/wp-content\/uploads\/DSC0585_NB_LITTLE_SHAO-300x204.jpg 300w, https:\/\/cappellamediterranea.com\/wp-content\/uploads\/DSC0585_NB_LITTLE_SHAO-768x522.jpg 768w, https:\/\/cappellamediterranea.com\/wp-content\/uploads\/DSC0585_NB_LITTLE_SHAO.jpg 1200w\" sizes=\"auto, (max-width: 1024px) 100vw, 1024px\" \/><\/figure>\n<\/div>\n\n\n\n<div class=\"wp-block-column is-vertically-aligned-top is-layout-constrained wp-container-core-column-is-layout-254f1302 wp-block-column-is-layout-constrained\" style=\"padding-top:0;padding-right:0;padding-bottom:0;padding-left:0;flex-basis:50%\">\n<h4 class=\"wp-block-heading has-text-align-left\">Cappella Mediterranea and Leonardo Garc\u00eda-Alarc\u00f3n return to the Festival d&#8217;Aix-en-Provence and director Cl\u00e9ment Cogitore to perform a masterpiece of Western music: Wolfgang Amadeus Mozart\u2019s <em>La Fl\u00fbte enchant\u00e9e<\/em>. <\/h4>\n\n\n\n<p><\/p>\n<\/div>\n<\/div>\n\n<div class=\"wp-block-columns is-layout-flex wp-container-core-columns-is-layout-28f84493 wp-block-columns-is-layout-flex\">\n<div class=\"wp-block-column is-layout-flow wp-block-column-is-layout-flow\">\n<h2 class=\"wp-block-heading\">A new production by the Festival d&#8217;Aix-en-Provence<\/h2>\n\n\n\n<p>&#8220;Passing through a thousand states of rapture and mystery, a couple journeys from shadow to light, bearing a new ideal for human society. Mozart\u2019s cherished child, whose popular success he watched over until his final hours, marks a miraculous aesthetic and spiritual achievement: its complex simplicity, with a unique diversity of tones and languages, makes it a universal masterpiece in a class of its own, somewhere between enchanting entertainment and noble initiation. But what shadow must necessarily lurk within every luminous utopia when, in the West of yesterday or today, it becomes a reality, when a certain vision of the perfect community enters history? Drawing on the sensory archive of our collective memory, Cl\u00e9ment Cogitore invites us to follow the coming-of-age story of young children growing up in a world of fragile beauty and uncertain truth. Leonardo Garc\u00eda-Alarc\u00f3n and Cappella Mediterranea tackle a work by their signature composer for the first time at the Festival, supported by a <em>cast<\/em> as enchanting as one would expect.&#8221;     <\/p>\n<\/div>\n\n\n\n<div class=\"wp-block-column is-vertically-aligned-top is-layout-flow wp-block-column-is-layout-flow\">\n<figure class=\"wp-block-embed is-type-video is-provider-youtube wp-block-embed-youtube wp-embed-aspect-16-9 wp-has-aspect-ratio\"><div class=\"wp-block-embed__wrapper\">\n<iframe loading=\"lazy\" title=\"[ DIE ZAUBERFL\u00d6TE ] ENTRETIEN AVEC LE DIRECTEUR MUSICAL LEONARDO GARC\u00cdA-ALARC\u00d3N\" width=\"500\" height=\"281\" src=\"https:\/\/www.youtube.com\/embed\/L7_IZt5j--0?feature=oembed\" frameborder=\"0\" allow=\"accelerometer; autoplay; clipboard-write; encrypted-media; gyroscope; picture-in-picture; web-share\" referrerpolicy=\"strict-origin-when-cross-origin\" allowfullscreen><\/iframe>\n<\/div><\/figure>\n<\/div>\n<\/div>\n\n<div class=\"wp-block-columns is-layout-flex wp-container-core-columns-is-layout-28f84493 wp-block-columns-is-layout-flex\">\n<div class=\"wp-block-column is-layout-flow wp-block-column-is-layout-flow\"><\/div>\n<\/div>\n\n<div class=\"wp-block-columns is-layout-flex wp-container-core-columns-is-layout-28f84493 wp-block-columns-is-layout-flex\">\n<div class=\"wp-block-column is-layout-flow wp-block-column-is-layout-flow\">\n<h2 class=\"wp-block-heading\">Program<\/h2>\n\n\n\n<p><em><strong>Die Zauberfl\u00f6te<\/strong><\/em><br\/>Singspiele de Wolfgang Amadeus Mozart<br\/>Libretto by Emanuel Schikaneder<br\/>First performed on 30 September 1791 in Vienna<\/p>\n\n\n\n<p>A new production by the Festival d&#8217;Aix-en-Provence, in co-production with the Th\u00e9\u00e2tres de la Ville de Luxembourg and Op\u00e9ra Ballet Vlaanderen.<\/p>\n\n\n\n<p><\/p>\n\n\n\n<a class=\"link-default link-center link-circle\" href=\"https:\/\/cappellamediterranea.com\/en\/productions\/\">\n    <div class=\"content-circle\">\n        <div class=\"circle\"><\/div>\n    <\/div>\n    <span class=\"title\">\n        See our other productions     <\/span>\n<\/a>\n\n<\/div>\n\n\n\n<div class=\"wp-block-column is-layout-flow wp-block-column-is-layout-flow\">\n<h2 class=\"wp-block-heading\">Cast<\/h2>\n\n\n\n<p>Pamina &#8211; <strong>Ying Fang<\/strong><br\/>Tamino &#8211; <strong>Mauro Peter<\/strong><br\/>Die K\u00f6nigin der Nacht &#8211; <strong>Sabine Devieilhe<\/strong><br\/>Papageno &#8211; <strong>Sean Michael Plumb<\/strong><br\/>Sarastro &#8211; <strong>Brindley Sherratt<\/strong><br\/>Der Sprecher &#8211; <strong>Edwin Crossley-Mercer<\/strong><br\/>Erste Dame &#8211; <strong>Alix Le Saux<\/strong><br\/>Zweite Dame &#8211; <strong>Ashley Dixon<\/strong><br\/>Dritte Dame &#8211; <strong>Adriana Bignagni Lesca<\/strong><br\/>Papagena &#8211; <strong>Emma Fekete<\/strong><br\/>Monostatos &#8211; <strong>Rodolphe Briand<\/strong><br\/>Erster Priester, Zweiter geharnischter Mann &#8211; <strong>Damien Pass<\/strong><br\/>Zweiter Priester, Erster geharnischter Mann &#8211;             <strong>Jonghyun Park<\/strong><\/p>\n\n\n\n<p><strong>Ch\u0153ur de Chambre de Namur<br\/>Knabenchor der Chorakademie Dortmund<br\/>Cappella Mediterranea<\/strong><\/p>\n\n\n\n<p>Musical Direction &#8211; <strong>Leonardo Garc\u00eda-Alarc\u00f3n<\/strong><br\/>Satge Direction and Video Design &#8211; <strong>Cl\u00e9ment Cogitore<\/strong><\/p>\n\n\n\n<p>Set Design &#8211; <strong>Alban Ho Van<\/strong><br\/>Costumes &#8211; <strong>Wojciech Dziedzic<\/strong><br\/>Lighting &#8211; <strong>Sylvain Verdet<\/strong><br\/>Choreography &#8211; <strong>Evelin Facchini<\/strong><br\/>Dramaturgy &#8211; <strong>Simon Hatab<\/strong><\/p>\n<\/div>\n<\/div>\n\n<div class=\"wp-block-columns is-layout-flex wp-container-core-columns-is-layout-28f84493 wp-block-columns-is-layout-flex\">\n<div class=\"wp-block-column is-layout-flow wp-block-column-is-layout-flow\">\n<section class=\"container\">\n\n\n\n    \n        <h2 class=\"titre-secondaire-basic\">Prochaines dates<\/h2>\n\n        \n            <div class=\"swiper-card-concert-current\">\n                <div class=\"swiper-wrapper\">\n                                                <a class=\"card-concert swiper-slide\" href=\"https:\/\/festival-aix.com\/programmation\/opera\/die-zauberflote\" target=\"_blank\">\n                                <div class=\"date\">\n                                    <span class=\"jour\">02<\/span>\n                                    <span class=\"mois\">Juillet<\/span>\n                                    <span class=\"annees\">2026<\/span>\n                                <\/div>\n\n                                <p class=\"horaire\">\n                                    21h30                                <\/p>\n                                <p class=\"adresse\">Th\u00e9\u00e2tre de l&#8217;Archev\u00each\u00e9<\/p>\n                                <p class=\"pays\">Festival d&#8217;Aix-en-Provence<\/p>\n                                <p class=\"ticket\">Acc\u00e9der \u00e0 la billetterie<\/p>\n\n                            <\/a>\n                                                    <a class=\"card-concert swiper-slide\" href=\"https:\/\/festival-aix.com\/programmation\/opera\/die-zauberflote\" target=\"_blank\">\n                                <div class=\"date\">\n                                    <span class=\"jour\">05<\/span>\n                                    <span class=\"mois\">Juillet<\/span>\n                                    <span class=\"annees\">2026<\/span>\n                                <\/div>\n\n                                <p class=\"horaire\">\n                                    21h30                                <\/p>\n                                <p class=\"adresse\">Th\u00e9\u00e2tre de l&#8217;Archev\u00each\u00e9<\/p>\n                                <p class=\"pays\">Festival d&#8217;Aix-en-Provence<\/p>\n                                <p class=\"ticket\">Acc\u00e9der \u00e0 la billetterie<\/p>\n\n                            <\/a>\n                                                    <a class=\"card-concert swiper-slide\" href=\"https:\/\/festival-aix.com\/programmation\/opera\/die-zauberflote\" target=\"_blank\">\n                                <div class=\"date\">\n                                    <span class=\"jour\">07<\/span>\n                                    <span class=\"mois\">Juillet<\/span>\n                                    <span class=\"annees\">2026<\/span>\n                                <\/div>\n\n                                <p class=\"horaire\">\n                                    21h30                                <\/p>\n                                <p class=\"adresse\">Th\u00e9\u00e2tre de l&#8217;Archev\u00each\u00e9<\/p>\n                                <p class=\"pays\">Festival d&#8217;Aix-en-Provence<\/p>\n                                <p class=\"ticket\">Acc\u00e9der \u00e0 la billetterie<\/p>\n\n                            <\/a>\n                                                    <a class=\"card-concert swiper-slide\" href=\"https:\/\/festival-aix.com\/programmation\/opera\/die-zauberflote\" target=\"_blank\">\n                                <div class=\"date\">\n                                    <span class=\"jour\">11<\/span>\n                                    <span class=\"mois\">Juillet<\/span>\n                                    <span class=\"annees\">2026<\/span>\n                                <\/div>\n\n                                <p class=\"horaire\">\n                                    21h30                                <\/p>\n                                <p class=\"adresse\">Th\u00e9\u00e2tre de l&#8217;Archev\u00each\u00e9<\/p>\n                                <p class=\"pays\">Festival d&#8217;Aix-en-Provence<\/p>\n                                <p class=\"ticket\">Acc\u00e9der \u00e0 la billetterie<\/p>\n\n                            <\/a>\n                                                    <a class=\"card-concert swiper-slide\" href=\"https:\/\/festival-aix.com\/programmation\/opera\/die-zauberflote\" target=\"_blank\">\n                                <div class=\"date\">\n                                    <span class=\"jour\">13<\/span>\n                                    <span class=\"mois\">Juillet<\/span>\n                                    <span class=\"annees\">2026<\/span>\n                                <\/div>\n\n                                <p class=\"horaire\">\n                                    21h30                                <\/p>\n                                <p class=\"adresse\">Th\u00e9\u00e2tre de l&#8217;Archev\u00each\u00e9<\/p>\n                                <p class=\"pays\">Festival d&#8217;Aix-en-Provence<\/p>\n                                <p class=\"ticket\">Acc\u00e9der \u00e0 la billetterie<\/p>\n\n                            <\/a>\n                                                    <a class=\"card-concert swiper-slide\" href=\"https:\/\/festival-aix.com\/programmation\/opera\/die-zauberflote\" target=\"_blank\">\n                                <div class=\"date\">\n                                    <span class=\"jour\">15<\/span>\n                                    <span class=\"mois\">Juillet<\/span>\n                                    <span class=\"annees\">2026<\/span>\n                                <\/div>\n\n                                <p class=\"horaire\">\n                                    21h30                                <\/p>\n                                <p class=\"adresse\">Th\u00e9\u00e2tre de l&#8217;Archev\u00each\u00e9<\/p>\n                                <p class=\"pays\">Festival d&#8217;Aix-en-Provence<\/p>\n                                <p class=\"ticket\">Acc\u00e9der \u00e0 la billetterie<\/p>\n\n                            <\/a>\n                                                    <a class=\"card-concert swiper-slide\" href=\"https:\/\/festival-aix.com\/programmation\/opera\/die-zauberflote\" target=\"_blank\">\n                                <div class=\"date\">\n                                    <span class=\"jour\">17<\/span>\n                                    <span class=\"mois\">Juillet<\/span>\n                                    <span class=\"annees\">2026<\/span>\n                                <\/div>\n\n                                <p class=\"horaire\">\n                                    21h30                                <\/p>\n                                <p class=\"adresse\">Th\u00e9\u00e2tre de l&#8217;Archev\u00each\u00e9<\/p>\n                                <p class=\"pays\">Festival d&#8217;Aix-en-Provence<\/p>\n                                <p class=\"ticket\">Acc\u00e9der \u00e0 la billetterie<\/p>\n\n                            <\/a>\n                                                    <a class=\"card-concert swiper-slide\" href=\"https:\/\/festival-aix.com\/programmation\/opera\/die-zauberflote\" target=\"_blank\">\n                                <div class=\"date\">\n                                    <span class=\"jour\">19<\/span>\n                                    <span class=\"mois\">Juillet<\/span>\n                                    <span class=\"annees\">2026<\/span>\n                                <\/div>\n\n                                <p class=\"horaire\">\n                                    21h30                                <\/p>\n                                <p class=\"adresse\">Th\u00e9\u00e2tre de l&#8217;Archev\u00each\u00e9<\/p>\n                                <p class=\"pays\">Festival d&#8217;Aix-en-Provence<\/p>\n                                <p class=\"ticket\">Acc\u00e9der \u00e0 la billetterie<\/p>\n\n                            <\/a>\n                                                    <a class=\"card-concert swiper-slide\" href=\"https:\/\/festival-aix.com\/programmation\/opera\/die-zauberflote\" target=\"_blank\">\n                                <div class=\"date\">\n                                    <span class=\"jour\">21<\/span>\n                                    <span class=\"mois\">Juillet<\/span>\n                                    <span class=\"annees\">2026<\/span>\n                                <\/div>\n\n                                <p class=\"horaire\">\n                                    21h30                                <\/p>\n                                <p class=\"adresse\">Th\u00e9\u00e2tre de l&#8217;Archev\u00each\u00e9<\/p>\n                                <p class=\"pays\">Festival d&#8217;Aix-en-Provence<\/p>\n                                <p class=\"ticket\">Acc\u00e9der \u00e0 la billetterie<\/p>\n\n                            <\/a>\n                                        <\/div>\n            <\/div>\n\n            <div class=\"nav-swipper-concert-current\">\n                <div class=\"swiper-card-concert-current-button-prev\"><\/div>\n                <div class=\"swiper-card-concert-current-button-next\"><\/div>\n            <\/div>\n        \n    \n<\/section><\/div>\n<\/div>\n","protected":false},"excerpt":{"rendered":"Cappella Mediterranea and Leonardo Garc\u00eda-Alarc\u00f3n return to the Festival d&#8217;Aix-en-Provence and director Cl\u00e9ment Cogitore to perform a masterpiece of Western music: Wolfgang Amadeus Mozart\u2019s La Fl\u00fbte enchant\u00e9e. ","protected":false},"featured_media":14125,"parent":0,"menu_order":0,"template":"","meta":{"_acf_changed":false},"tags":[],"categorie-production":[67],"class_list":["post-15018","post-concert","type-post-concert","status-publish","has-post-thumbnail","hentry","categorie-production-opera"],"acf":{"concerts":[{"date":"2026-07-02 21:30:00","lieu":"Festival d'Aix-en-Provence","salle_de_concert":"Th\u00e9\u00e2tre de l'Archev\u00each\u00e9","lien_de_la_billetterie":"https:\/\/festival-aix.com\/programmation\/opera\/die-zauberflote"},{"date":"2026-07-05 21:30:00","lieu":"Festival d'Aix-en-Provence","salle_de_concert":"Th\u00e9\u00e2tre de l'Archev\u00each\u00e9","lien_de_la_billetterie":"https:\/\/festival-aix.com\/programmation\/opera\/die-zauberflote"},{"date":"2026-07-07 21:30:00","lieu":"Festival d'Aix-en-Provence","salle_de_concert":"Th\u00e9\u00e2tre de l'Archev\u00each\u00e9","lien_de_la_billetterie":"https:\/\/festival-aix.com\/programmation\/opera\/die-zauberflote"},{"date":"2026-07-11 21:30:00","lieu":"Festival d'Aix-en-Provence","salle_de_concert":"Th\u00e9\u00e2tre de l'Archev\u00each\u00e9","lien_de_la_billetterie":"https:\/\/festival-aix.com\/programmation\/opera\/die-zauberflote"},{"date":"2026-07-13 21:30:00","lieu":"Festival d'Aix-en-Provence","salle_de_concert":"Th\u00e9\u00e2tre de l'Archev\u00each\u00e9","lien_de_la_billetterie":"https:\/\/festival-aix.com\/programmation\/opera\/die-zauberflote"},{"date":"2026-07-15 21:30:00","lieu":"Festival d'Aix-en-Provence","salle_de_concert":"Th\u00e9\u00e2tre de l'Archev\u00each\u00e9","lien_de_la_billetterie":"https:\/\/festival-aix.com\/programmation\/opera\/die-zauberflote"},{"date":"2026-07-17 21:30:00","lieu":"Festival d'Aix-en-Provence","salle_de_concert":"Th\u00e9\u00e2tre de l'Archev\u00each\u00e9","lien_de_la_billetterie":"https:\/\/festival-aix.com\/programmation\/opera\/die-zauberflote"},{"date":"2026-07-19 21:30:00","lieu":"Festival d'Aix-en-Provence","salle_de_concert":"Th\u00e9\u00e2tre de l'Archev\u00each\u00e9","lien_de_la_billetterie":"https:\/\/festival-aix.com\/programmation\/opera\/die-zauberflote"},{"date":"2026-07-21 21:30:00","lieu":"Festival d'Aix-en-Provence","salle_de_concert":"Th\u00e9\u00e2tre de l'Archev\u00each\u00e9","lien_de_la_billetterie":"https:\/\/festival-aix.com\/programmation\/opera\/die-zauberflote"}]},"_links":{"self":[{"href":"https:\/\/cappellamediterranea.com\/en\/wp-json\/wp\/v2\/post-concert\/15018","targetHints":{"allow":["GET"]}}],"collection":[{"href":"https:\/\/cappellamediterranea.com\/en\/wp-json\/wp\/v2\/post-concert"}],"about":[{"href":"https:\/\/cappellamediterranea.com\/en\/wp-json\/wp\/v2\/types\/post-concert"}],"version-history":[{"count":2,"href":"https:\/\/cappellamediterranea.com\/en\/wp-json\/wp\/v2\/post-concert\/15018\/revisions"}],"predecessor-version":[{"id":15020,"href":"https:\/\/cappellamediterranea.com\/en\/wp-json\/wp\/v2\/post-concert\/15018\/revisions\/15020"}],"wp:featuredmedia":[{"embeddable":true,"href":"https:\/\/cappellamediterranea.com\/en\/wp-json\/wp\/v2\/media\/14125"}],"wp:attachment":[{"href":"https:\/\/cappellamediterranea.com\/en\/wp-json\/wp\/v2\/media?parent=15018"}],"wp:term":[{"taxonomy":"post_tag","embeddable":true,"href":"https:\/\/cappellamediterranea.com\/en\/wp-json\/wp\/v2\/tags?post=15018"},{"taxonomy":"categorie-production","embeddable":true,"href":"https:\/\/cappellamediterranea.com\/en\/wp-json\/wp\/v2\/categorie-production?post=15018"}],"curies":[{"name":"wp","href":"https:\/\/api.w.org\/{rel}","templated":true}]}}