{"id":15014,"date":"2025-11-21T15:37:55","date_gmt":"2025-11-21T14:37:55","guid":{"rendered":"https:\/\/cappellamediterranea.com\/production\/les-dinos-et-larche\/"},"modified":"2026-04-23T17:33:13","modified_gmt":"2026-04-23T15:33:13","slug":"les-dinos-et-larche","status":"publish","type":"post-concert","link":"https:\/\/cappellamediterranea.com\/en\/production\/les-dinos-et-larche\/","title":{"rendered":"Les Dinos et l&#8217;Arche"},"content":{"rendered":"\n<div class=\"wp-block-columns is-layout-flex wp-container-core-columns-is-layout-28f84493 wp-block-columns-is-layout-flex\">\n<div class=\"wp-block-column is-layout-flow wp-block-column-is-layout-flow\">\n<figure class=\"wp-block-image alignleft size-large\"><img loading=\"lazy\" decoding=\"async\" width=\"1024\" height=\"735\" src=\"https:\/\/cappellamediterranea.com\/wp-content\/uploads\/\/02022026_Generale-Dinos_cFrancois-de-Maleissye_Cappella-Mediterranea_DSC08654-1024x735.jpg\" alt=\"\" class=\"wp-image-14231\" srcset=\"https:\/\/cappellamediterranea.com\/wp-content\/uploads\/02022026_Generale-Dinos_cFrancois-de-Maleissye_Cappella-Mediterranea_DSC08654-1024x735.jpg 1024w, https:\/\/cappellamediterranea.com\/wp-content\/uploads\/02022026_Generale-Dinos_cFrancois-de-Maleissye_Cappella-Mediterranea_DSC08654-300x215.jpg 300w, https:\/\/cappellamediterranea.com\/wp-content\/uploads\/02022026_Generale-Dinos_cFrancois-de-Maleissye_Cappella-Mediterranea_DSC08654-768x551.jpg 768w, https:\/\/cappellamediterranea.com\/wp-content\/uploads\/02022026_Generale-Dinos_cFrancois-de-Maleissye_Cappella-Mediterranea_DSC08654-1536x1102.jpg 1536w, https:\/\/cappellamediterranea.com\/wp-content\/uploads\/02022026_Generale-Dinos_cFrancois-de-Maleissye_Cappella-Mediterranea_DSC08654.jpg 2000w\" sizes=\"auto, (max-width: 1024px) 100vw, 1024px\" \/><\/figure>\n<\/div>\n\n\n\n<div class=\"wp-block-column is-layout-flow wp-block-column-is-layout-flow\">\n<p><strong>Featuring a colorful cast, a ten-piece ensemble, and Julien Condemine\u2019s inventive staging, this mini-opera\u2014which feels like a journey through space and time\u2014draws on the Baroque heritage to better examine our own era. Visually daring, musically delightful, and brilliantly conducted by Leonardo Garc\u00eda-Alarc\u00f3n, <em>Les Dinos et l\u2019Arche<\/em> is an opera for curious minds of all ages. <\/strong> <br\/><strong>Blending satire and tenderness, <em>Les Dinos et l\u2019Arche<\/em> brings together humans, animals and extinct creatures in a changing society, a distorting yet revealing mirror of our own. In a whirlwind of emotions, absurd dialogue, bursts of laughter and spectacular metamorphoses, it becomes clear that the dinosaurs are forced to adapt in order to survive in a world doomed to extinction&#8230; Does that remind us of anything?  <br\/><\/strong><\/p>\n\n\n\n<section class=\"container citation-presse\">\n    <h2><\/h2>\n    <div class=\"swiper-citation-presse\">\n        <div class=\"swiper-wrapper\">\n                            <div class=\"swiper-slide\">\n                                            <div class=\"content-jacket\">\n                            <img decoding=\"async\" class=\"jacket\" src=\"https:\/\/cappellamediterranea.com\/wp-content\/uploads\/le-temps-vector-logo.png\" alt=\"\" \/>\n                        <\/div>\n                                        <p class=\"citation\">\u00ab Parce qu\u2019il raconte la n\u00e9cessit\u00e9 d\u2019\u00e9voluer, de s\u2019unir face au changement, Les Dinos et l\u2019Arche nous tend un miroir. On ne se privera pas de cette ode rugissante \u00e0 la Renaissance \u2013 ni du plaisir de voir un T-Rex chanter. \u00bb <\/p>\n                    <p class=\"auteur\">Virginie Nussbaum &#8211; 3 f\u00e9vrier 2026<\/p>\n                <\/div>\n                            <div class=\"swiper-slide\">\n                                            <div class=\"content-jacket\">\n                            <img decoding=\"async\" class=\"jacket\" src=\"https:\/\/cappellamediterranea.com\/wp-content\/uploads\/Logo-Forum-Opera-2.png\" alt=\"\" \/>\n                        <\/div>\n                                        <p class=\"citation\">\u00ab La Cappella Mediterranea, renouvel\u00e9e, jeune, d\u2019une quinzaine de musiciens, en formation Mozart, est dans son \u00e9l\u00e9ment. Tous les codes, formes et proc\u00e9d\u00e9s d\u2019\u00e9criture baroque sont mis \u00e0 profit pour traduire les situations dramatiques et les \u00e9motions de chacun. \u00bb <\/p>\n                    <p class=\"auteur\">Yvan Beuvard &#8211; 7 f\u00e9vrier 2026<\/p>\n                <\/div>\n                            <div class=\"swiper-slide\">\n                                            <div class=\"content-jacket\">\n                            <img decoding=\"async\" class=\"jacket\" src=\"https:\/\/cappellamediterranea.com\/wp-content\/uploads\/logo-resmusica-1.png\" alt=\"\" \/>\n                        <\/div>\n                                        <p class=\"citation\">\u00ab Et lorsqu&#8217;en bis, Leonardo Garc\u00eda-Alarc\u00f3n, enfin \u00e9merg\u00e9 de la fosse, reprend du bord de sc\u00e8ne ce num\u00e9ro o\u00f9 les notes de musique ont trouv\u00e9 la plus sublime fa\u00e7on de s&#8217;\u00e9lever \u00e0 la hauteur des mots, les larmes n&#8217;ont plus qu&#8217;\u00e0 monter tandis que l&#8217;on r\u00eave d\u00e9j\u00e0 de r\u00e9entendre cette merveilleuse partition d&#8217;aujourd&#8217;hui\u2026 \u00bb <\/p>\n                    <p class=\"auteur\">Jean-Luc Clairet &#8211; 7 f\u00e9vrier 2026<\/p>\n                <\/div>\n                            <div class=\"swiper-slide\">\n                                            <div class=\"content-jacket\">\n                            <img decoding=\"async\" class=\"jacket\" src=\"https:\/\/cappellamediterranea.com\/wp-content\/uploads\/exclusif-magazine.png\" alt=\"\" \/>\n                        <\/div>\n                                        <p class=\"citation\">\u00ab En musique, chants, danses, en gesticulations passionn\u00e9es, face \u00e0 un plateau qui \u00e9blouit et, surprend par une interpr\u00e9tation \u00e9tourdissante, l\u2019\u0153uvre plonge le spectateur entre mythe, science et fable ! Et, conjurant les m\u00e9canismes de l\u2019effondrement et de la survie, soul\u00e8ve des questions \u00e9tonnement actuelles\u2026 \u00bb <\/p>\n                    <p class=\"auteur\">Georgika Aeby-Demeter &#8211; 6 f\u00e9vrier 2026<\/p>\n                <\/div>\n                    <\/div>\n    <\/div>\n\n    <div class=\"citation-navigation\">\n        <div class=\"swiper-citation-presse-button-prev\"><\/div>\n        <div class=\"swiper-citation-presse-button-next\"><\/div>\n    <\/div>\n<\/section><\/div>\n<\/div>\n\n<p style=\"margin-right:0px;margin-left:0px\"><\/p>\n\n<div class=\"wp-block-columns are-vertically-aligned-center is-layout-flex wp-container-core-columns-is-layout-28f84493 wp-block-columns-is-layout-flex\">\n<div class=\"wp-block-column is-vertically-aligned-center is-layout-flow wp-block-column-is-layout-flow\" style=\"flex-basis:100%\">\n<div class=\"wp-block-columns is-layout-flex wp-container-core-columns-is-layout-28f84493 wp-block-columns-is-layout-flex\">\n<div class=\"wp-block-column is-layout-flow wp-block-column-is-layout-flow\" style=\"flex-basis:100%\">\n<div class=\"wp-block-columns\">&nbsp;<\/div>\n<p>Sadly, the dinosaurs \u2013 the dream of children of all ages \u2013 have disappeared. Of course, the books tell of a meteorite that devastated the planet. But what if the dinosaurs had missed Noah\u2019s Ark because a sundial had malfunctioned due to the clouds? In this musical fable, as funny as it is profound, Charles Darwin himself, accompanied by his charming iguana collected from the Gal\u00e1pagos archipelago, travels back in time to offer the giant reptiles a second chance. Aboard a fantastical vessel, the dinosaurs then embark on a quest for a magical plant that could save them from the Flood by transforming them into birds&#8230;    <\/p>\n<p style=\"text-align: left;\">Blending satire and tenderness, <em>Les Dinos et l\u2019Arche<\/em> brings together humans, animals and extinct creatures in a changing society, a distorting yet revealing mirror of our own. In a whirlwind of emotions, absurd dialogue, bursts of laughter and spectacular metamorphoses, it becomes clear that the dinosaurs are forced to adapt in order to survive in a world doomed to extinction&#8230; Does that remind us of anything?  <\/p>\n<\/div>\n\n\n\n<div class=\"wp-block-column is-layout-flow wp-block-column-is-layout-flow\"><\/div>\n<\/div>\n<\/div>\n<\/div>\n\n<h2 class=\"wp-block-heading\"><\/h2>\n\n<div style=\"height:100px\" aria-hidden=\"true\" class=\"wp-block-spacer\"><\/div>\n\n<section class=\"container\">\n\n\n\n    \n        <h2 class=\"titre-secondaire-basic\">Prochaines dates<\/h2>\n\n                    <div class=\"liste-concert\">\n                            <\/div>\n        \n    \n<\/section>\n<div style=\"height:100px\" aria-hidden=\"true\" class=\"wp-block-spacer\"><\/div>\n\n<div class=\"wp-block-columns is-layout-flex wp-container-core-columns-is-layout-28f84493 wp-block-columns-is-layout-flex\">\n<div class=\"wp-block-column is-layout-flow wp-block-column-is-layout-flow\">\n<h2 class=\"wp-block-heading\">Program<\/h2>\n\n\n\n<p><strong><em>Les Dinos et l\u2019Arche<\/em><\/strong>, <em>a Darwinian opera, a dystopian fable<\/em><\/p>\n\n\n\n<p style=\"margin-top:var(--wp--preset--spacing--20);margin-right:0;margin-bottom:var(--wp--preset--spacing--20);margin-left:0\">Music by Thomas Leininger (1981)<br\/>Libretto by C\u00e9dric Costantino (1974) and Tina Hartmann (1973)<br\/>World premiere in French at La Cit\u00e9 Bleue<br\/><br\/><em>Performance running time: 1 hour 20 minutes, with no intermission<\/em><br\/><em>Ages 10 and over<\/em><\/p>\n\n\n\n<div style=\"height:100px\" aria-hidden=\"true\" class=\"wp-block-spacer\"><\/div>\n\n\n\n<h2 class=\"wp-block-heading\">Acknowledgements<\/h2>\n\n\n\n<p>to Margareta Nordin and the Municipalit\u00e9 de Savenni\u00e8res (FR).<br\/><br\/>This production was sponsored by the Prince and Princess of Chimay. We would like to thank them for hosting us during our residency at the Ch\u00e2teau de Chimay. <\/p>\n\n\n\n<p><\/p>\n<\/div>\n\n\n\n<div class=\"wp-block-column is-layout-flow wp-container-core-column-is-layout-f0955427 wp-block-column-is-layout-flow\" style=\"border-style:none;border-width:0px;border-radius:0px;padding-top:0;padding-right:0;padding-bottom:0;padding-left:0\">\n<h2 class=\"wp-block-heading\">Cast <\/h2>\n\n\n\n<p>Thomas Leininger, <em>composer<\/em><br\/>C\u00e9dric Costantino and Tina Hartmann, <em>libretto<\/em><br\/>C\u00e9dric Costantino, Myrielle Schnewlin &amp; Thomas Leininger, <em>French adaptation<\/em><\/p>\n\n\n\n<p>Julien Condemine, <em>staging direction<\/em><br\/>Nikolett Kuffa, <em>stage direction assistant<\/em><br\/>Margaux Blanchard, <em>dramaturgy<\/em><br\/>H\u00e9l\u00e8ne Fief, <em>set design<\/em><br\/>Sylvain Wavrant, <em>costumes design<\/em><br\/>Estelle Boul, <em>costume assistant<\/em><br\/>Jeanne Tanguy, Lila Bouet, <em>costume design interns<\/em><br\/><em>In collaboration with Maison Vermeulen, feather craftsman<\/em><br\/>Sylvain S\u00e9chet, <em>lighting and video design<\/em><\/p>\n\n\n\n<p>Leonardo Garc\u00eda-Alarc\u00f3n, <em>musical direction<\/em><br\/>Jacopo Raffaele, <em>musical direction assistant<\/em><br\/>Ariel Rychter, <em>score assistant<\/em><\/p>\n\n\n\n<p>Cappella Mediterranea<\/p>\n\n\n\n<p>Actors-singers:<br\/>Mariana Silva, <em>Darwin\u2019s iguana \/ No\u00e9\u2019s wife<\/em><br\/>Sebasti\u00e0 Peris, <em>Darwin \/ No\u00e9<\/em><\/p>\n\n\n\n<p>Dinosaurs :<br\/>Daria Novik, <em>Brachiosaurus<\/em><br\/>Val\u00e9rie Pellegrini, <em>Struthiomimus<\/em><br\/>Julia Deit-Ferrand, <em>Triceratops<\/em><br\/>Diego Galicia Su\u00e1rez, Archaeopteryx<br\/>Charles Sudan, <em>Anatosaurus<\/em><br\/>Baptiste Jondeau, <em>Parasaurolophus<\/em><br\/>Oscar Esmerode, <em>Velociraptor<\/em><br\/>Rapha\u00ebl Hardmeyer,        <em>Tyrannosaurus<\/em><\/p>\n\n\n\n<p>Mammals:<br\/>Sarah Matousek, <em>Cat<\/em><br\/>Lidija Jovanovi\u0107, <em>Kangaroo<\/em><br\/>Bastien Masset, <em>Rat<\/em><br\/>F\u00e9lix Le Gloahec, <em>Dog<\/em><\/p>\n<\/div>\n<\/div>\n\n<div style=\"height:100px\" aria-hidden=\"true\" class=\"wp-block-spacer\"><\/div>\n\n<a class=\"link-default link-center link-circle\" href=\"https:\/\/cappellamediterranea.com\/productions\/  \">\n    <div class=\"content-circle\">\n        <div class=\"circle\"><\/div>\n    <\/div>\n    <span class=\"title\">\n        Discover our upcoming productions    <\/span>\n<\/a>\n\n\n<div class=\"wp-block-columns is-layout-flex wp-container-core-columns-is-layout-28f84493 wp-block-columns-is-layout-flex\">\n<div class=\"wp-block-column is-layout-flow wp-block-column-is-layout-flow\">\n<figure class=\"wp-block-image aligncenter size-large is-resized\"><img loading=\"lazy\" decoding=\"async\" width=\"718\" height=\"1024\" src=\"https:\/\/cappellamediterranea.com\/wp-content\/uploads\/\/02022026_Generale-Dinos_cFrancois-de-Maleissye_Cappella-Mediterranea_DSC08284-718x1024.jpg\" alt=\"\" class=\"wp-image-14221\" style=\"width:auto;height:500px\" srcset=\"https:\/\/cappellamediterranea.com\/wp-content\/uploads\/02022026_Generale-Dinos_cFrancois-de-Maleissye_Cappella-Mediterranea_DSC08284-718x1024.jpg 718w, https:\/\/cappellamediterranea.com\/wp-content\/uploads\/02022026_Generale-Dinos_cFrancois-de-Maleissye_Cappella-Mediterranea_DSC08284-210x300.jpg 210w, https:\/\/cappellamediterranea.com\/wp-content\/uploads\/02022026_Generale-Dinos_cFrancois-de-Maleissye_Cappella-Mediterranea_DSC08284-768x1096.jpg 768w, https:\/\/cappellamediterranea.com\/wp-content\/uploads\/02022026_Generale-Dinos_cFrancois-de-Maleissye_Cappella-Mediterranea_DSC08284-1076x1536.jpg 1076w, https:\/\/cappellamediterranea.com\/wp-content\/uploads\/02022026_Generale-Dinos_cFrancois-de-Maleissye_Cappella-Mediterranea_DSC08284-1435x2048.jpg 1435w, https:\/\/cappellamediterranea.com\/wp-content\/uploads\/02022026_Generale-Dinos_cFrancois-de-Maleissye_Cappella-Mediterranea_DSC08284-scaled.jpg 1794w\" sizes=\"auto, (max-width: 718px) 100vw, 718px\" \/><\/figure>\n<\/div>\n\n\n\n<div class=\"wp-block-column is-layout-flow wp-block-column-is-layout-flow\">\n<figure class=\"wp-block-image aligncenter size-large is-resized\"><img loading=\"lazy\" decoding=\"async\" width=\"777\" height=\"1024\" src=\"https:\/\/cappellamediterranea.com\/wp-content\/uploads\/\/02022026_Generale-Dinos_cFrancois-de-Maleissye_Cappella-Mediterranea_DSC08506-777x1024.jpg\" alt=\"\" class=\"wp-image-14223\" style=\"width:auto;height:500px\" srcset=\"https:\/\/cappellamediterranea.com\/wp-content\/uploads\/02022026_Generale-Dinos_cFrancois-de-Maleissye_Cappella-Mediterranea_DSC08506-777x1024.jpg 777w, https:\/\/cappellamediterranea.com\/wp-content\/uploads\/02022026_Generale-Dinos_cFrancois-de-Maleissye_Cappella-Mediterranea_DSC08506-228x300.jpg 228w, https:\/\/cappellamediterranea.com\/wp-content\/uploads\/02022026_Generale-Dinos_cFrancois-de-Maleissye_Cappella-Mediterranea_DSC08506-768x1013.jpg 768w, https:\/\/cappellamediterranea.com\/wp-content\/uploads\/02022026_Generale-Dinos_cFrancois-de-Maleissye_Cappella-Mediterranea_DSC08506-1165x1536.jpg 1165w, https:\/\/cappellamediterranea.com\/wp-content\/uploads\/02022026_Generale-Dinos_cFrancois-de-Maleissye_Cappella-Mediterranea_DSC08506-1553x2048.jpg 1553w, https:\/\/cappellamediterranea.com\/wp-content\/uploads\/02022026_Generale-Dinos_cFrancois-de-Maleissye_Cappella-Mediterranea_DSC08506-scaled.jpg 1942w\" sizes=\"auto, (max-width: 777px) 100vw, 777px\" \/><\/figure>\n<\/div>\n\n\n\n<div class=\"wp-block-column is-layout-flow wp-block-column-is-layout-flow\">\n<figure class=\"wp-block-image aligncenter size-large is-resized\"><img loading=\"lazy\" decoding=\"async\" width=\"737\" height=\"1024\" src=\"https:\/\/cappellamediterranea.com\/wp-content\/uploads\/\/02022026_Generale-Dinos_cFrancois-de-Maleissye_Cappella-Mediterranea_DSC09115-737x1024.jpg\" alt=\"\" class=\"wp-image-14233\" style=\"aspect-ratio:0.71971875;width:360px;height:auto\" srcset=\"https:\/\/cappellamediterranea.com\/wp-content\/uploads\/02022026_Generale-Dinos_cFrancois-de-Maleissye_Cappella-Mediterranea_DSC09115-737x1024.jpg 737w, https:\/\/cappellamediterranea.com\/wp-content\/uploads\/02022026_Generale-Dinos_cFrancois-de-Maleissye_Cappella-Mediterranea_DSC09115-216x300.jpg 216w, https:\/\/cappellamediterranea.com\/wp-content\/uploads\/02022026_Generale-Dinos_cFrancois-de-Maleissye_Cappella-Mediterranea_DSC09115-768x1067.jpg 768w, https:\/\/cappellamediterranea.com\/wp-content\/uploads\/02022026_Generale-Dinos_cFrancois-de-Maleissye_Cappella-Mediterranea_DSC09115-1105x1536.jpg 1105w, https:\/\/cappellamediterranea.com\/wp-content\/uploads\/02022026_Generale-Dinos_cFrancois-de-Maleissye_Cappella-Mediterranea_DSC09115-1474x2048.jpg 1474w, https:\/\/cappellamediterranea.com\/wp-content\/uploads\/02022026_Generale-Dinos_cFrancois-de-Maleissye_Cappella-Mediterranea_DSC09115-scaled.jpg 1842w\" sizes=\"auto, (max-width: 737px) 100vw, 737px\" \/><\/figure>\n<\/div>\n<\/div>\n\n<div class=\"wp-block-columns is-layout-flex wp-container-core-columns-is-layout-28f84493 wp-block-columns-is-layout-flex\">\n<div class=\"wp-block-column is-layout-flow wp-block-column-is-layout-flow\">\n<figure class=\"wp-block-image aligncenter size-large is-resized\"><img loading=\"lazy\" decoding=\"async\" width=\"1024\" height=\"637\" src=\"https:\/\/cappellamediterranea.com\/wp-content\/uploads\/\/02022026_Generale-Dinos_cFrancois-de-Maleissye_Cappella-Mediterranea_DSC08510-1024x637.jpg\" alt=\"\" class=\"wp-image-14225\" style=\"aspect-ratio:1.6075590551181103;width:576px;height:auto\" srcset=\"https:\/\/cappellamediterranea.com\/wp-content\/uploads\/02022026_Generale-Dinos_cFrancois-de-Maleissye_Cappella-Mediterranea_DSC08510-1024x637.jpg 1024w, https:\/\/cappellamediterranea.com\/wp-content\/uploads\/02022026_Generale-Dinos_cFrancois-de-Maleissye_Cappella-Mediterranea_DSC08510-300x187.jpg 300w, https:\/\/cappellamediterranea.com\/wp-content\/uploads\/02022026_Generale-Dinos_cFrancois-de-Maleissye_Cappella-Mediterranea_DSC08510-768x478.jpg 768w, https:\/\/cappellamediterranea.com\/wp-content\/uploads\/02022026_Generale-Dinos_cFrancois-de-Maleissye_Cappella-Mediterranea_DSC08510-1536x956.jpg 1536w, https:\/\/cappellamediterranea.com\/wp-content\/uploads\/02022026_Generale-Dinos_cFrancois-de-Maleissye_Cappella-Mediterranea_DSC08510.jpg 2000w\" sizes=\"auto, (max-width: 1024px) 100vw, 1024px\" \/><\/figure>\n<\/div>\n\n\n\n<div class=\"wp-block-column is-layout-flow wp-block-column-is-layout-flow\">\n<figure class=\"wp-block-image aligncenter size-large is-resized\"><img loading=\"lazy\" decoding=\"async\" width=\"1024\" height=\"640\" src=\"https:\/\/cappellamediterranea.com\/wp-content\/uploads\/\/DSC_0104-2-2-1024x640.jpg\" alt=\"\" class=\"wp-image-13937\" style=\"width:582px;height:auto\" srcset=\"https:\/\/cappellamediterranea.com\/wp-content\/uploads\/DSC_0104-2-2-1024x640.jpg 1024w, https:\/\/cappellamediterranea.com\/wp-content\/uploads\/DSC_0104-2-2-300x188.jpg 300w, https:\/\/cappellamediterranea.com\/wp-content\/uploads\/DSC_0104-2-2-768x480.jpg 768w, https:\/\/cappellamediterranea.com\/wp-content\/uploads\/DSC_0104-2-2-1536x960.jpg 1536w, https:\/\/cappellamediterranea.com\/wp-content\/uploads\/DSC_0104-2-2-2048x1281.jpg 2048w\" sizes=\"auto, (max-width: 1024px) 100vw, 1024px\" \/><\/figure>\n<\/div>\n<\/div>\n\n<p><\/p>\n","protected":false},"excerpt":{"rendered":"Featuring a colorful cast, a ten-piece ensemble, and Julien Condemine\u2019s inventive staging, this mini-opera\u2014which feels like a journey through space and time\u2014draws on the Baroque heritage to better examine our own era. Visually daring, musically delightful, and brilliantly conducted by Leonardo Garc\u00eda-Alarc\u00f3n, Les Dinos et l\u2019Arche is an opera for curious minds of all ages. [&hellip;]","protected":false},"featured_media":14228,"parent":0,"menu_order":0,"template":"","meta":{"_acf_changed":false},"tags":[],"categorie-production":[67],"class_list":["post-15014","post-concert","type-post-concert","status-publish","has-post-thumbnail","hentry","categorie-production-opera"],"acf":{"concerts":[{"date":"2026-02-03 19:30:00","lieu":"Geneva, Switzerland","salle_de_concert":"La Cit\u00e9 Bleue","lien_de_la_billetterie":"https:\/\/lacitebleue.ch\/evenement\/les-dinos-et-larche\/"},{"date":"2026-02-04 19:30:00","lieu":"Geneva, Switzerland","salle_de_concert":"La Cit\u00e9 Bleue","lien_de_la_billetterie":"https:\/\/lacitebleue.ch\/evenement\/les-dinos-et-larche\/"},{"date":"2026-02-06 19:30:00","lieu":"Geneva, Switzerland","salle_de_concert":"La Cit\u00e9 Bleue","lien_de_la_billetterie":"https:\/\/lacitebleue.ch\/evenement\/les-dinos-et-larche\/"},{"date":"2026-02-07 19:30:00","lieu":"Geneva, Switzerland","salle_de_concert":"La Cit\u00e9 Bleue","lien_de_la_billetterie":"https:\/\/lacitebleue.ch\/evenement\/les-dinos-et-larche\/"}]},"_links":{"self":[{"href":"https:\/\/cappellamediterranea.com\/en\/wp-json\/wp\/v2\/post-concert\/15014","targetHints":{"allow":["GET"]}}],"collection":[{"href":"https:\/\/cappellamediterranea.com\/en\/wp-json\/wp\/v2\/post-concert"}],"about":[{"href":"https:\/\/cappellamediterranea.com\/en\/wp-json\/wp\/v2\/types\/post-concert"}],"version-history":[{"count":3,"href":"https:\/\/cappellamediterranea.com\/en\/wp-json\/wp\/v2\/post-concert\/15014\/revisions"}],"predecessor-version":[{"id":15025,"href":"https:\/\/cappellamediterranea.com\/en\/wp-json\/wp\/v2\/post-concert\/15014\/revisions\/15025"}],"wp:featuredmedia":[{"embeddable":true,"href":"https:\/\/cappellamediterranea.com\/en\/wp-json\/wp\/v2\/media\/14228"}],"wp:attachment":[{"href":"https:\/\/cappellamediterranea.com\/en\/wp-json\/wp\/v2\/media?parent=15014"}],"wp:term":[{"taxonomy":"post_tag","embeddable":true,"href":"https:\/\/cappellamediterranea.com\/en\/wp-json\/wp\/v2\/tags?post=15014"},{"taxonomy":"categorie-production","embeddable":true,"href":"https:\/\/cappellamediterranea.com\/en\/wp-json\/wp\/v2\/categorie-production?post=15014"}],"curies":[{"name":"wp","href":"https:\/\/api.w.org\/{rel}","templated":true}]}}