{"id":12930,"date":"2024-03-18T10:06:29","date_gmt":"2024-03-18T09:06:29","guid":{"rendered":"https:\/\/cappellamediterranea.com\/production\/monteverdi-il-ritorno-dulisse-in-patria\/"},"modified":"2025-06-06T14:34:31","modified_gmt":"2025-06-06T12:34:31","slug":"monteverdi-il-ritorno-dulisse-in-patria","status":"publish","type":"post-concert","link":"https:\/\/cappellamediterranea.com\/en\/production\/monteverdi-il-ritorno-dulisse-in-patria\/","title":{"rendered":"Monteverdi, Il ritorno d&#8217;Ulisse in patria"},"content":{"rendered":"\n<div class=\"wp-block-columns is-layout-flex wp-container-core-columns-is-layout-28f84493 wp-block-columns-is-layout-flex\">\n<div class=\"wp-block-column is-layout-flow wp-block-column-is-layout-flow\" style=\"flex-basis:50%\">\n<figure class=\"wp-block-image size-full\"><img loading=\"lazy\" decoding=\"async\" width=\"1000\" height=\"684\" src=\"https:\/\/cappellamediterranea.com\/wp-content\/uploads\/Il-ritorno-dUlisse-in-patria_Festival-dAix-en-Provence-2024_-Ruth-Walz_25_72dpi.jpg\" alt=\"\" class=\"wp-image-12869\" style=\"aspect-ratio:16\/9;object-fit:cover\" srcset=\"https:\/\/cappellamediterranea.com\/wp-content\/uploads\/Il-ritorno-dUlisse-in-patria_Festival-dAix-en-Provence-2024_-Ruth-Walz_25_72dpi.jpg 1000w, https:\/\/cappellamediterranea.com\/wp-content\/uploads\/Il-ritorno-dUlisse-in-patria_Festival-dAix-en-Provence-2024_-Ruth-Walz_25_72dpi-300x205.jpg 300w, https:\/\/cappellamediterranea.com\/wp-content\/uploads\/Il-ritorno-dUlisse-in-patria_Festival-dAix-en-Provence-2024_-Ruth-Walz_25_72dpi-768x525.jpg 768w\" sizes=\"auto, (max-width: 1000px) 100vw, 1000px\" \/><\/figure>\n<\/div>\n\n\n\n<div class=\"wp-block-column is-vertically-aligned-top is-layout-constrained wp-container-core-column-is-layout-254f1302 wp-block-column-is-layout-constrained\" style=\"padding-top:0;padding-right:0;padding-bottom:0;padding-left:0;flex-basis:50%\">\n<h4 class=\"wp-block-heading has-text-align-left\">After <em>The Coronation of Poppaea<\/em> and <em>L&#8217;Orfeo<\/em> in 2022, the Festival d&#8217;Aix-en-Provence continues its memorable Monteverdi cycle under the direction of Leonardo Garc\u00eda Alarc\u00f3n and Cappella Mediterranea with <em>Il ritorno d&#8217;Ulisse in patria<\/em> &#8211; reaffirming the composer&#8217;s essential place in its programming. <\/h4>\n\n\n\n<section class=\"container citation-presse\">\n    <h2><\/h2>\n    <div class=\"swiper-citation-presse\">\n        <div class=\"swiper-wrapper\">\n                            <div class=\"swiper-slide\">\n                                            <div class=\"content-jacket\">\n                            <img decoding=\"async\" class=\"jacket\" src=\"https:\/\/cappellamediterranea.com\/wp-content\/uploads\/logo-print-hd-transparent-2.png\" alt=\"\" \/>\n                        <\/div>\n                                        <p class=\"citation\">\u00ab Mais c\u2019est bien la musique qui fait tout le prix de cette soir\u00e9e aixoise. [\u2026] Chacun de ces seize musiciens de Cappella Mediterranea fait fr\u00e9mir une vie aux tons changeants. Les sonorit\u00e9s peuvent \u00eatre amples dans telle ritournelle, subtiles dans les accompagnements intimes, souvent chatoyantes. La diversit\u00e9 des choix musicaux du chef donne \u00e0 l\u2019ensemble de la soir\u00e9e des couleurs multiples et une dynamique imparable. \u00bb<\/p>\n                    <p class=\"auteur\">Marc Dumont<\/p>\n                <\/div>\n                            <div class=\"swiper-slide\">\n                                            <div class=\"content-jacket\">\n                            <img decoding=\"async\" class=\"jacket\" src=\"https:\/\/cappellamediterranea.com\/wp-content\/uploads\/logo-olyrix-1.png\" alt=\"\" \/>\n                        <\/div>\n                                        <p class=\"citation\">\u00ab L\u2019orchestre Cappella Mediterranea est bien une petite m\u00e9diterran\u00e9e, mer ferm\u00e9e impr\u00e9visible, aux temp\u00eates redoutables. La fosse, aux ritournelles punchy, est \u00e9lectrisante. Les trombones, en galerie, sont solennels, tandis que clavecin, orgue, th\u00e9orbe et archiluth \u00e9grainent et foulent en fosse leur vendange de raisin chasselas. \u00bb<\/p>\n                    <p class=\"auteur\">Florence Lethurgez<\/p>\n                <\/div>\n                            <div class=\"swiper-slide\">\n                                            <div class=\"content-jacket\">\n                            <img decoding=\"async\" class=\"jacket\" src=\"https:\/\/cappellamediterranea.com\/wp-content\/uploads\/Logo-Resonances-Lyriques-3png.png\" alt=\"\" \/>\n                        <\/div>\n                                        <p class=\"citation\">\u00ab C\u2019est l\u2019apoth\u00e9ose finale du festival de cette ann\u00e9e. [\u2026] c\u2019est au niveau musique que la jubilation est totale. La musique est servie par une distribution vocale admirable. L\u2019orchestre Capella Mediterranea de Leonardo Garcia-Alarcon est de toute premi\u00e8re qualit\u00e9. Ah, le soin que met le chef Alarcon \u00e0 arrondir ses phras\u00e9s, \u00e0 n\u00e9gocier ses ralentis, \u00e0 \u00e9tirer ses fins de phrase ! \u00bb <\/p>\n                    <p class=\"auteur\">Andr\u00e9 Peyregne<\/p>\n                <\/div>\n                    <\/div>\n    <\/div>\n\n    <div class=\"citation-navigation\">\n        <div class=\"swiper-citation-presse-button-prev\"><\/div>\n        <div class=\"swiper-citation-presse-button-next\"><\/div>\n    <\/div>\n<\/section><\/div>\n<\/div>\n\n<div class=\"wp-block-columns is-layout-flex wp-container-core-columns-is-layout-28f84493 wp-block-columns-is-layout-flex\">\n<div class=\"wp-block-column is-layout-flow wp-block-column-is-layout-flow\">\n<h2 class=\"wp-block-heading\">Ulysses&#8217; return to his homeland<\/h2>\n\n\n\n<p class=\"has-text-align-left\">The work is particularly dear to the director, Pierre Audi, who staged his first production &#8211; also of a work from the repertoire &#8211; at the Amsterdam Opera in 1990: how does he view it thirty years later? A judicious arrangement tightens the brilliantly disparate material into a deeply moving drama, which this production places under the banner of simplicity and sensuality. Presenting the material bare, a talented cast of young singer-actors exalts the intimate palpitation of the music and the mystery of the characters: how can we understand Penelope&#8217;s wait and Ulysses&#8217; return? It&#8217;s an approach in keeping with Leonardo Garc\u00eda-Alarc\u00f3n&#8217;s sunny approach to music, always insisting on the dance element it contains.   <\/p>\n<\/div>\n\n\n\n<div class=\"wp-block-column is-vertically-aligned-bottom is-layout-flow wp-block-column-is-layout-flow\">\n<figure class=\"wp-block-embed is-type-video is-provider-youtube wp-block-embed-youtube wp-embed-aspect-4-3 wp-has-aspect-ratio\"><div class=\"wp-block-embed__wrapper\">\n<iframe loading=\"lazy\" title=\"Il ritorno d&#039;Ulisse in patria, SV 325, Act II Scene 3: Pastor d&#039;armenti pu\u00f2\" width=\"500\" height=\"375\" src=\"https:\/\/www.youtube.com\/embed\/fAeYsaV8LMw?feature=oembed\" frameborder=\"0\" allow=\"accelerometer; autoplay; clipboard-write; encrypted-media; gyroscope; picture-in-picture; web-share\" referrerpolicy=\"strict-origin-when-cross-origin\" allowfullscreen><\/iframe>\n<\/div><\/figure>\n<\/div>\n<\/div>\n\n<section class=\"container\">\n\n\n\n    \n        <h2 class=\"titre-secondaire-basic\">Prochaines dates<\/h2>\n\n        \n            <div class=\"swiper-card-concert-current\">\n                <div class=\"swiper-wrapper\">\n                                    <\/div>\n            <\/div>\n\n            <div class=\"nav-swipper-concert-current\">\n                <div class=\"swiper-card-concert-current-button-prev\"><\/div>\n                <div class=\"swiper-card-concert-current-button-next\"><\/div>\n            <\/div>\n        \n    \n<\/section>\n<div class=\"wp-block-columns is-layout-flex wp-container-core-columns-is-layout-28f84493 wp-block-columns-is-layout-flex\">\n<div class=\"wp-block-column is-layout-flow wp-block-column-is-layout-flow\">\n<h2 class=\"wp-block-heading\">Program<\/h2>\n\n\n\n<p><em>Il ritorno d&#8217;Ulisse in patria <\/em>\u2014 SV 325<br\/>Music by Claudio Monteverdi (1567-1643)<br\/>Libretto by Giacomo Badoaro (1602-1654)<br\/><\/p>\n\n\n\n<p><em>Duration : approx. 2h50, with intermission<\/em><\/p>\n<\/div>\n\n\n\n<div class=\"wp-block-column is-layout-flow wp-block-column-is-layout-flow\">\n<h2 class=\"wp-block-heading\">Cast<\/h2>\n\n\n\n<p><strong>John Brancy<\/strong> &#8211; Ulisse<br\/><strong>Deepa Johnny<\/strong> &#8211; Penelope<br\/><strong>Anthony Le\u00f3n<\/strong> &#8211; Telemaco<br\/><strong>Mariana Flores<\/strong>&#8211; Amore, Minerva<br\/><strong>Marcel Beekman<\/strong> &#8211; Iro<br\/><strong>Alex Rosen<\/strong> &#8211; Tempo, Antinoo<br\/><strong>Paul-Antoine B\u00e9nos-Djian<\/strong> &#8211; L&#8217;Umana Fragilit\u00e0, Anfinomo<br\/><strong>Petr Nekoranec<\/strong> &#8211; Pisandro<br\/><strong>Mark Milhofer<\/strong> &#8211; Eumete<br\/><strong>Giuseppina Bridelli<\/strong> &#8211; Fortuna, Melanto<br\/><strong>Joel Williams<\/strong> &#8211; Eurimaco<\/p>\n\n\n\n<p><strong>Leonardo Garc\u00eda-Alarc\u00f3n<\/strong> &#8211; musical direction<br\/><strong>Pierre Audi<\/strong> &#8211; stage direction<br\/><strong>Urs Sch\u00f6nebaum<\/strong> &#8211; scenography et lighting<br\/><strong>Wojciech Dziedzic<\/strong> &#8211; costumes<br\/><strong>Klaus Bertisch<\/strong> &#8211; dramaturgy<br\/><\/p>\n\n\n\n<p><strong>Cappella Mediterranea<\/strong><\/p>\n\n\n\n<a class=\"link-default link-center link-circle\" href=\"https:\/\/cappellamediterranea.com\/productions\/\">\n    <div class=\"content-circle\">\n        <div class=\"circle\"><\/div>\n    <\/div>\n    <span class=\"title\">\n        See our other productions     <\/span>\n<\/a>\n\n<\/div>\n<\/div>\n\n<div class=\"wp-block-columns is-layout-flex wp-container-core-columns-is-layout-36caf46c wp-block-columns-is-layout-flex\" style=\"padding-left:0\">\n<div class=\"wp-block-column is-layout-flow wp-block-column-is-layout-flow\" style=\"flex-basis:100%\"><\/div>\n<\/div>\n\n<div class=\"wp-block-columns is-layout-flex wp-container-core-columns-is-layout-28f84493 wp-block-columns-is-layout-flex\">\n<div class=\"wp-block-column is-layout-flow wp-block-column-is-layout-flow\">\n<div class=\"wp-block-columns is-layout-flex wp-container-core-columns-is-layout-28f84493 wp-block-columns-is-layout-flex\">\n<div class=\"wp-block-column is-layout-flow wp-block-column-is-layout-flow\"><\/div>\n\n\n\n<div class=\"wp-block-column is-layout-flow wp-block-column-is-layout-flow\"><\/div>\n<\/div>\n<\/div>\n<\/div>\n\n<div class=\"wp-block-columns is-layout-flex wp-container-core-columns-is-layout-28f84493 wp-block-columns-is-layout-flex\">\n<div class=\"wp-block-column is-layout-flow wp-block-column-is-layout-flow\" style=\"flex-basis:100%\">\n\n<section class=\"container partenaires-telechargements no-file\">\n\n    <div class=\"partenaires\">\n        <h2>Our partners<\/h2>\n<p>This production is supported by Elizabeth and Vincent Meyer<\/p>\n        <div class=\"partenaires_content\">\n                            <div class=\"partenaire_item\" data-call-modal=\"aix lr-2\">\n                    <img decoding=\"async\" loading=\"lazy\" width=\"120\" height=\"120\" src=\"https:\/\/cappellamediterranea.com\/wp-content\/uploads\/aix_lr.png\" alt=\"\">\n                <\/div>\n\n                <div class=\"modal\" style=\"visibility: hidden;\" data-modal=\"aix lr-2\">\n                    <div class=\"content-modal col1\">\n                        <img decoding=\"async\" loading=\"lazy\" width=\"120\" height=\"120\" src=\"https:\/\/cappellamediterranea.com\/wp-content\/uploads\/aix_lr.png\" alt=\"\" title=\"aix_lr\" >\n                        <p>Festival d&#8217;Aix-en-Provence<\/p>\n                        <span class=\"icon-close\"><\/span>\n                    <\/div>\n                <\/div>\n\n                            <div class=\"partenaire_item\" data-call-modal=\"version-noire-2\">\n                    <img decoding=\"async\" loading=\"lazy\" width=\"2280\" height=\"373\" src=\"https:\/\/cappellamediterranea.com\/wp-content\/uploads\/Version-noire.png\" alt=\"\">\n                <\/div>\n\n                <div class=\"modal\" style=\"visibility: hidden;\" data-modal=\"version-noire-2\">\n                    <div class=\"content-modal col1\">\n                        <img decoding=\"async\" loading=\"lazy\" width=\"2280\" height=\"373\" src=\"https:\/\/cappellamediterranea.com\/wp-content\/uploads\/Version-noire.png\" alt=\"\" title=\"Version-noire\" >\n                                                <span class=\"icon-close\"><\/span>\n                    <\/div>\n                <\/div>\n\n                    <\/div>\n    <\/div>\n    <\/section><\/div>\n<\/div>\n    <section class=\"container album\">\n        <div class=\"full-bg-album\"><\/div>\n\n        \n            <div class=\"content-album\">\n\n                <h2>Festival d&#8217;Aix-en-Provence &#8211; 19 juillet 2024<\/h2>\n\n                                <div class=\"content-jacket\">\n                    <img decoding=\"async\" class=\"jacket\" data-album=\"galerie-album-0\" src=\"https:\/\/cappellamediterranea.com\/wp-content\/uploads\/Il-ritorno-dUlisse-in-patria_Festival-dAix-en-Provence-2024_-Ruth-Walz_10_72dpi-e1749132083666.jpg\" alt=\"\" \/>\n                <\/div>\n                \n                <div class=\"galerie-album galerie-album-0\">\n                    <div class=\"header-close\">\n                        <div class=\"btn-close\"><\/div>\n                    <\/div>\n                    <div class=\"swiper-album\">\n                        <div class=\"swiper-wrapper\">\n\n                                                            <div class=\"swiper-slide\">\n                                    <img decoding=\"async\" src=\"https:\/\/cappellamediterranea.com\/wp-content\/uploads\/53861609667_65cb221f07_b.jpg\"   title=\"53861609667_65cb221f07_b\"  loading=\"lazy\">\n                                    <div class=\"description\"><\/div>\n                                <\/div>\n                                                            <div class=\"swiper-slide\">\n                                    <img decoding=\"async\" src=\"https:\/\/cappellamediterranea.com\/wp-content\/uploads\/53862511046_6cb076e2dd_b.jpg\"   title=\"53862511046_6cb076e2dd_b\"  loading=\"lazy\">\n                                    <div class=\"description\"><\/div>\n                                <\/div>\n                                                            <div class=\"swiper-slide\">\n                                    <img decoding=\"async\" src=\"https:\/\/cappellamediterranea.com\/wp-content\/uploads\/Il-ritorno-dUlisse-in-patria_Festival-dAix-en-Provence-2024_-Ruth-Walz_9_72dpi.jpg\"   title=\"Il ritorno d&#039;Ulisse in patria_Festival d\u2019Aix-en-Provence 2024_ Ruth Walz_9_72dpi\"  loading=\"lazy\">\n                                    <div class=\"description\"><\/div>\n                                <\/div>\n                                                            <div class=\"swiper-slide\">\n                                    <img decoding=\"async\" src=\"https:\/\/cappellamediterranea.com\/wp-content\/uploads\/53862921510_af916fdff2_b.jpg\"   title=\"53862921510_af916fdff2_b\"  loading=\"lazy\">\n                                    <div class=\"description\"><\/div>\n                                <\/div>\n                                                            <div class=\"swiper-slide\">\n                                    <img decoding=\"async\" src=\"https:\/\/cappellamediterranea.com\/wp-content\/uploads\/53862511001_d841ab16cd_b.jpg\"   title=\"53862511001_d841ab16cd_b\"  loading=\"lazy\">\n                                    <div class=\"description\"><\/div>\n                                <\/div>\n                                                            <div class=\"swiper-slide\">\n                                    <img decoding=\"async\" src=\"https:\/\/cappellamediterranea.com\/wp-content\/uploads\/Il-ritorno-dUlisse-in-patria_Festival-dAix-en-Provence-2024_-Ruth-Walz_10_72dpi-1.jpg\"   title=\"Il ritorno d&#039;Ulisse in patria_Festival d\u2019Aix-en-Provence 2024_ Ruth Walz_10_72dpi\"  loading=\"lazy\">\n                                    <div class=\"description\"><\/div>\n                                <\/div>\n                            \n                        <\/div>\n                    <\/div>\n                    <div class=\"navigation-album\">\n                        <div class=\"swiper-album-button-prev\"><\/div>\n                        <div class=\"swiper-album-button-next\"><\/div>\n                    <\/div>\n                <\/div>\n\n            <\/div>\n\n            <\/section>\n\n","protected":false},"excerpt":{"rendered":"After The Coronation of Poppaea and L&#8217;Orfeo in 2022, the Festival d&#8217;Aix-en-Provence continues its memorable Monteverdi cycle under the direction of Leonardo Garc\u00eda Alarc\u00f3n and Cappella Mediterranea with Il ritorno d&#8217;Ulisse in patria &#8211; reaffirming the composer&#8217;s essential place in its programming. ","protected":false},"featured_media":12870,"parent":0,"menu_order":0,"template":"","meta":{"_acf_changed":false},"tags":[],"categorie-production":[67],"class_list":["post-12930","post-concert","type-post-concert","status-publish","has-post-thumbnail","hentry","categorie-production-opera"],"acf":{"concerts":[{"date":"2024-07-17 20:00:00","lieu":"Festival d'Aix-en-Provence","salle_de_concert":"Th\u00e9\u00e2tre du Jeu de Paume","lien_de_la_billetterie":"https:\/\/festival-aix.com\/programmation\/opera\/il-ritorno-dulisse-patria"},{"date":"2024-07-19 20:00:00","lieu":"Festival d'Aix-en-Provence","salle_de_concert":"Th\u00e9\u00e2tre du Jeu de Paume","lien_de_la_billetterie":"https:\/\/festival-aix.com\/programmation\/opera\/il-ritorno-dulisse-patria"},{"date":"2024-07-20 17:00:00","lieu":"Festival d'Aix-en-Provence","salle_de_concert":"Th\u00e9\u00e2tre du Jeu de Paume","lien_de_la_billetterie":"https:\/\/festival-aix.com\/programmation\/opera\/il-ritorno-dulisse-patria"},{"date":"2024-07-21 17:00:00","lieu":"Festival d'Aix-en-Provence","salle_de_concert":"Th\u00e9\u00e2tre du Jeu de Paume","lien_de_la_billetterie":"https:\/\/festival-aix.com\/programmation\/opera\/il-ritorno-dulisse-patria"},{"date":"2024-07-23 20:00:00","lieu":"Festival d'Aix-en-Provence","salle_de_concert":"Th\u00e9\u00e2tre du Jeu de Paume","lien_de_la_billetterie":"https:\/\/festival-aix.com\/programmation\/opera\/il-ritorno-dulisse-patria"}]},"_links":{"self":[{"href":"https:\/\/cappellamediterranea.com\/en\/wp-json\/wp\/v2\/post-concert\/12930","targetHints":{"allow":["GET"]}}],"collection":[{"href":"https:\/\/cappellamediterranea.com\/en\/wp-json\/wp\/v2\/post-concert"}],"about":[{"href":"https:\/\/cappellamediterranea.com\/en\/wp-json\/wp\/v2\/types\/post-concert"}],"version-history":[{"count":0,"href":"https:\/\/cappellamediterranea.com\/en\/wp-json\/wp\/v2\/post-concert\/12930\/revisions"}],"wp:featuredmedia":[{"embeddable":true,"href":"https:\/\/cappellamediterranea.com\/en\/wp-json\/wp\/v2\/media\/12870"}],"wp:attachment":[{"href":"https:\/\/cappellamediterranea.com\/en\/wp-json\/wp\/v2\/media?parent=12930"}],"wp:term":[{"taxonomy":"post_tag","embeddable":true,"href":"https:\/\/cappellamediterranea.com\/en\/wp-json\/wp\/v2\/tags?post=12930"},{"taxonomy":"categorie-production","embeddable":true,"href":"https:\/\/cappellamediterranea.com\/en\/wp-json\/wp\/v2\/categorie-production?post=12930"}],"curies":[{"name":"wp","href":"https:\/\/api.w.org\/{rel}","templated":true}]}}