{"id":11034,"date":"2024-05-01T15:30:09","date_gmt":"2024-05-01T13:30:09","guid":{"rendered":"https:\/\/cappellamediterranea.com\/?post_type=post-concert&#038;p=11034"},"modified":"2025-05-07T17:23:41","modified_gmt":"2025-05-07T15:23:41","slug":"job-le-proces-de-dieu","status":"publish","type":"post-concert","link":"https:\/\/cappellamediterranea.com\/en\/production\/job-le-proces-de-dieu\/","title":{"rendered":"Job, le proc\u00e8s de Dieu"},"content":{"rendered":"\n<div class=\"wp-block-columns is-layout-flex wp-container-core-columns-is-layout-28f84493 wp-block-columns-is-layout-flex\">\n<div class=\"wp-block-column is-layout-flow wp-block-column-is-layout-flow\">\n<figure class=\"wp-block-image size-large is-resized\"><img decoding=\"async\" src=\"https:\/\/cappellamediterranea.com\/wp-content\/uploads\/Job-Emiliano-Bellini-e1729010381151-923x1024.jpeg\" alt=\"\" class=\"wp-image-11039\" style=\"aspect-ratio:1;width:637px;height:auto\"\/><\/figure>\n<\/div>\n\n\n\n<div class=\"wp-block-column is-layout-flow wp-block-column-is-layout-flow\">\n<p><strong>Un homme assis dans un tas de cendres, frapp\u00e9 de malheurs et de souffrances indicibles, dont il ne comprend ni la raison, ni le dessein. La succession des \u00e9preuves. L\u2019arbitraire. Le d\u00e9sarroi face \u00e0 la souffrance. L\u2019impossible compassion. L\u2019incapacit\u00e9 de ses amis \u00e0 le consoler. Sans cesse r\u00e9activ\u00e9e par l\u2019actualit\u00e9, l\u2019id\u00e9e de la souffrance injuste trouve dans le <em>Livre de Job<\/em> le lieu par excellence de son d\u00e9ploiement. Partant de ce point d\u2019ancrage, Michel Petrossian \u00e9crit et compose un drame musical o\u00f9 dialoguent trois univers \u2013 l\u2019h\u00e9ritage baroque, la musique traditionnelle et la musique contemporaine \u2013 comme une chambre d\u2019\u00e9cho pour d\u2019autres drames qui agitent le monde, ou secouent des existences personnelles.<\/strong><br><br><em>Une coproduction de Cappella Mediterranea<\/em>.<\/p>\n\n\n\n<p><a href=\"https:\/\/cappellamediterranea.com\/production\/job-le-proces-de-dieu\/\" target=\"_blank\" rel=\"noreferrer noopener\"><\/a><\/p>\n<\/div>\n<\/div>\n\n\n\n<div class=\"wp-block-columns is-layout-flex wp-container-core-columns-is-layout-28f84493 wp-block-columns-is-layout-flex\">\n<div class=\"wp-block-column is-layout-flow wp-block-column-is-layout-flow\">\n<p><\/p>\n<\/div>\n\n\n\n<div class=\"wp-block-column is-layout-flow wp-block-column-is-layout-flow\"><\/div>\n<\/div>\n\n\n\n<section class=\"container\">\n\n\n\n    \n        <h2 class=\"titre-secondaire-basic\">Prochaines dates<\/h2>\n\n                    <div class=\"liste-concert\">\n                            <\/div>\n        \n    \n<\/section>\n\n\n<div class=\"wp-block-columns is-layout-flex wp-container-core-columns-is-layout-28f84493 wp-block-columns-is-layout-flex\">\n<div class=\"wp-block-column is-layout-flow wp-block-column-is-layout-flow\">\n<h2 class=\"wp-block-heading has-x-large-font-size\"><strong>PROGRAMME<\/strong><\/h2>\n\n\n\n<p>Op\u00e9ra de chambre compos\u00e9 par Michel Petrossian.<\/p>\n\n\n\n<p>Dur\u00e9e : 1 heure 20 minutes, sans entracte<\/p>\n<\/div>\n\n\n\n<div class=\"wp-block-column is-layout-flow wp-block-column-is-layout-flow\">\n<h2 class=\"wp-block-heading has-x-large-font-size\"><strong>DISTRIBUTION<\/strong><\/h2>\n\n\n\n<p><strong>Michel Petrossian<\/strong> \u2013<em> Composition et livret<\/em><br><strong>Ana\u00efs de Courson<\/strong> \u2013<em> Mise en sc\u00e8ne et dramaturgie<\/em><br><strong>L\u00e9o Margue<\/strong> \u2013<em> Direction musicale<\/em><br><em><br><\/em><strong>Felix Ramos<\/strong> \u2013<em> Chef de chant et assistant \u00e0 la direction musiciale<\/em><br><strong>Andr\u00e9a Baglione<\/strong> \u2013<em> Sc\u00e9nographie<\/em><br><strong>Valentine Sol\u00e9<\/strong> \u2013<em> Costumes<\/em><br><strong>J\u00e9r\u00e9mie Papin<\/strong> \u2013<em> Lumi\u00e8res<\/em><br><strong>J\u00e9r\u00e9mie Scheidler<\/strong> \u2013<em> Vid\u00e9o<\/em><br><strong>Antoine Dupuy Larbre<\/strong> \u2013<em> Assistant mise en sc\u00e8ne<\/em><\/p>\n\n\n\n<p><strong>Fabien Hyon<\/strong>, t\u00e9nor \u2013 <em>Job<\/em><br><strong>Ugo Rabec<\/strong>, basse \u2013 <em>Dieu, Tsophar, Quatri\u00e8me Messager<\/em><br><strong>Mathilde Ortscheidt<\/strong>, mezzo-soprano \u2013 <em>Satan, Bilda, Troisi\u00e8me Messager<\/em><br><strong>Gloria Tronel<\/strong>,<em> <\/em>soprano<em> \u2013 Yemimah, Femme de Job, Eliha<br><\/em><strong>Halidou Nombre<\/strong>, baryton \u2013 <em>Eliphaz, Deuxi\u00e8me Messager<\/em><\/p>\n\n\n\n<p><strong>Ensemble Contrechamps<br>Cappella Mediterranea<\/strong><\/p>\n<\/div>\n<\/div>\n\n\n\n<div class=\"wp-block-group is-layout-constrained wp-block-group-is-layout-constrained\">\n<h2 class=\"wp-block-heading\">Partenaires<\/h2>\n<\/div>\n\n\n\n<div style=\"height:50px\" aria-hidden=\"true\" class=\"wp-block-spacer\"><\/div>\n\n\n\n<div class=\"wp-block-group is-layout-constrained wp-block-group-is-layout-constrained\">\n<div class=\"wp-block-media-text is-stacked-on-mobile\"><figure class=\"wp-block-media-text__media\"><img loading=\"lazy\" decoding=\"async\" width=\"1024\" height=\"152\" src=\"https:\/\/cappellamediterranea.com\/wp-content\/uploads\/Geneve_LaCiteBleue_bleu-1024x152.png\" alt=\"\" class=\"wp-image-11472 size-full\" srcset=\"https:\/\/cappellamediterranea.com\/wp-content\/uploads\/Geneve_LaCiteBleue_bleu-1024x152.png 1024w, https:\/\/cappellamediterranea.com\/wp-content\/uploads\/Geneve_LaCiteBleue_bleu-300x44.png 300w, https:\/\/cappellamediterranea.com\/wp-content\/uploads\/Geneve_LaCiteBleue_bleu-768x114.png 768w, https:\/\/cappellamediterranea.com\/wp-content\/uploads\/Geneve_LaCiteBleue_bleu-1536x228.png 1536w, https:\/\/cappellamediterranea.com\/wp-content\/uploads\/Geneve_LaCiteBleue_bleu-2048x303.png 2048w\" sizes=\"auto, (max-width: 1024px) 100vw, 1024px\" \/><\/figure><div class=\"wp-block-media-text__content\">\n<p class=\"has-text-align-left has-medium-font-size\">Une cr\u00e9ation de La Cit\u00e9 Bleue Gen\u00e8ve<\/p>\n<\/div><\/div>\n\n\n\n<div style=\"height:25px\" aria-hidden=\"true\" class=\"wp-block-spacer\"><\/div>\n\n\n\n<div class=\"wp-block-media-text is-stacked-on-mobile\"><figure class=\"wp-block-media-text__media\"><img loading=\"lazy\" decoding=\"async\" width=\"1024\" height=\"128\" src=\"https:\/\/cappellamediterranea.com\/wp-content\/uploads\/Contrechamps-1024x128.png\" alt=\"\" class=\"wp-image-11542 size-full\" srcset=\"https:\/\/cappellamediterranea.com\/wp-content\/uploads\/Contrechamps-1024x128.png 1024w, https:\/\/cappellamediterranea.com\/wp-content\/uploads\/Contrechamps-300x38.png 300w, https:\/\/cappellamediterranea.com\/wp-content\/uploads\/Contrechamps-768x96.png 768w, https:\/\/cappellamediterranea.com\/wp-content\/uploads\/Contrechamps.png 1064w\" sizes=\"auto, (max-width: 1024px) 100vw, 1024px\" \/><\/figure><div class=\"wp-block-media-text__content\">\n<p class=\"has-text-align-left has-medium-font-size\">Coproduction de l&#8217;ensemble Contrechamps<\/p>\n<\/div><\/div>\n<\/div>\n\n\n\n<div style=\"height:100px\" aria-hidden=\"true\" class=\"wp-block-spacer\"><\/div>\n\n\n\n<p class=\"wp-container-content-b0223bd5\"><\/p>\n","protected":false},"excerpt":{"rendered":"Un homme assis dans un tas de cendres, frapp\u00e9 de malheurs et de souffrances indicibles, dont il ne comprend ni la raison, ni le dessein. La succession des \u00e9preuves. L\u2019arbitraire. Le d\u00e9sarroi face \u00e0 la souffrance. L\u2019impossible compassion. L\u2019incapacit\u00e9 de ses amis \u00e0 le consoler. Sans cesse r\u00e9activ\u00e9e par l\u2019actualit\u00e9, l\u2019id\u00e9e de la souffrance injuste [&hellip;]","protected":false},"featured_media":11663,"parent":0,"menu_order":0,"template":"","meta":{"_acf_changed":false},"tags":[],"categorie-production":[48],"class_list":["post-11034","post-concert","type-post-concert","status-publish","has-post-thumbnail","hentry","categorie-production-productions-lyriques"],"acf":{"concerts":[{"date":"2025-06-10 19:30:00","lieu":"Gen\u00e8ve","salle_de_concert":"La Cit\u00e9 Bleue","lien_de_la_billetterie":"https:\/\/lacitebleue.ch\/evenement\/job-le-proces-de-dieu\/"},{"date":"2025-06-11 19:30:00","lieu":"Gen\u00e8ve","salle_de_concert":"La Cit\u00e9 Bleue","lien_de_la_billetterie":"https:\/\/lacitebleue.ch\/evenement\/job-le-proces-de-dieu\/"},{"date":"2025-06-12 19:30:00","lieu":"Gen\u00e8ve","salle_de_concert":"La Cit\u00e9 Bleue","lien_de_la_billetterie":"https:\/\/lacitebleue.ch\/evenement\/job-le-proces-de-dieu\/"},{"date":"2025-06-14 19:30:00","lieu":"Gen\u00e8ve","salle_de_concert":"La Cit\u00e9 Bleue","lien_de_la_billetterie":"https:\/\/lacitebleue.ch\/evenement\/job-le-proces-de-dieu\/"}]},"_links":{"self":[{"href":"https:\/\/cappellamediterranea.com\/en\/wp-json\/wp\/v2\/post-concert\/11034","targetHints":{"allow":["GET"]}}],"collection":[{"href":"https:\/\/cappellamediterranea.com\/en\/wp-json\/wp\/v2\/post-concert"}],"about":[{"href":"https:\/\/cappellamediterranea.com\/en\/wp-json\/wp\/v2\/types\/post-concert"}],"version-history":[{"count":0,"href":"https:\/\/cappellamediterranea.com\/en\/wp-json\/wp\/v2\/post-concert\/11034\/revisions"}],"wp:featuredmedia":[{"embeddable":true,"href":"https:\/\/cappellamediterranea.com\/en\/wp-json\/wp\/v2\/media\/11663"}],"wp:attachment":[{"href":"https:\/\/cappellamediterranea.com\/en\/wp-json\/wp\/v2\/media?parent=11034"}],"wp:term":[{"taxonomy":"post_tag","embeddable":true,"href":"https:\/\/cappellamediterranea.com\/en\/wp-json\/wp\/v2\/tags?post=11034"},{"taxonomy":"categorie-production","embeddable":true,"href":"https:\/\/cappellamediterranea.com\/en\/wp-json\/wp\/v2\/categorie-production?post=11034"}],"curies":[{"name":"wp","href":"https:\/\/api.w.org\/{rel}","templated":true}]}}